{"id":1540,"date":"2020-01-05T11:48:41","date_gmt":"2020-01-05T11:48:41","guid":{"rendered":"http:\/\/digilab.instifdt.bg.ac.rs\/?p=1540"},"modified":"2020-03-02T08:26:34","modified_gmt":"2020-03-02T08:26:34","slug":"papers-in-progress-2020","status":"publish","type":"post","link":"https:\/\/digilab.instifdt.bg.ac.rs\/?p=1540","title":{"rendered":"Ideas Board: Projects and Papers"},"content":{"rendered":"\n<p>This page aggregates manuscripts that Lab members and associates currently work on. Our research efforts are tied to project proposal <a rel=\"noreferrer noopener\" aria-label=\"Media Distortion Index (opens in a new tab)\" href=\"http:\/\/media.ljubisabojic.com\/2020\/01\/Project_Description_MIDI.pdf\" target=\"_blank\">Media Distortion Index<\/a>, which was under consideration by the Science Fund of the Republic of Serbia. The proposal passed second evaluation round (<a href=\"http:\/\/media.ljubisabojic.com\/2020\/01\/MIDI-REVIEWS.pdf\">reviews<\/a>\/<a href=\"http:\/\/media.ljubisabojic.com\/2020\/01\/MIDI-PROMIS-SummaryReport.pdf\">summary<\/a>) and it was denied. Thus we are looking at alternative funding options such as <a rel=\"noreferrer noopener\" aria-label=\"this one (opens in a new tab)\" href=\"https:\/\/www.daad.rs\/sr\/2019\/12\/11\/poziv-za-prijavu-jacanje-sistema-istrazivanja-i-inovacija-zemalja-zapadnog-balkana\/\" target=\"_blank\">this one<\/a>.<br><br>The reason why you may be viewing this page is invitation to join our work as co-author. You may also have an idea about a scientific journal that you think may be the best fit for publication of these titles. Anyway we would like to get your thoughts about these papers in terms of issues they tackle, methodology used, literature, results and writing.<br><br>When you click on some of the titles below you may find proposed abstract drafts, hypothesis\/es and graphs resembling the research. For all your thoughts and contributions to this section write to <a rel=\"noreferrer noopener\" aria-label=\"Ljubisa Bojic (opens in a new tab)\" href=\"mailto:ljubisa.bojic@instifdt.bg.ac.rs\" target=\"_blank\">Ljubisa Bojic<\/a>.<\/p>\n\n\n\n<div style=\"height:100px\" aria-hidden=\"true\" class=\"wp-block-spacer\"><\/div>\n\n\n\n<p>1\/6<br>Title:<br>Big data: resource of society or elites<br><br>Co-autors:<br> Ljubi\u0161a Boji\u0107, Uro\u0161 Kr\u010dadinac and Maja Pavlovi\u0107 <br><br>Target journal:<br><a rel=\"noreferrer noopener\" aria-label=\" (opens in a new tab)\" href=\"http:\/\/www.socioloskipregled.org.rs\/\" target=\"_blank\">Sociolo\u0161ki pregled<\/a><\/p>\n\n\n\n<div style=\"height:100px\" aria-hidden=\"true\" class=\"wp-block-spacer\"><\/div>\n\n\n\n<p>2\/6<br>Title:<br>Media Literacy in Big Data Era<br><br>Co-autors:<br> Ljubi\u0161a Boji\u0107, Maja Zari\u0107 , [add co-author here] <br><br>Target journal:<br> <a rel=\"noreferrer noopener\" href=\"http:\/\/www.sociologija.org\/books\/\" target=\"_blank\">Sociologija<\/a><\/p>\n\n\n\n<div style=\"height:100px\" aria-hidden=\"true\" class=\"wp-block-spacer\"><\/div>\n\n\n\n<p>3\/6<br>Title:<br><a href=\"https:\/\/digilab.instifdt.bg.ac.rs\/?p=1530\">Negative emotions of groups following different media in Serbia on Twitter<\/a><br><br>Co-autors:<br> Ljubi\u0161a Boji\u0107, Igor Cveji\u0107, [add co-authors here] <br><br>Target journal:<br><a href=\"http:\/\/www.instifdt.bg.ac.rs\/fid\/\" target=\"_blank\" rel=\"noreferrer noopener\" aria-label=\" (opens in a new tab)\">Filozofija i dru\u0161tvo<\/a><\/p>\n\n\n\n<p>4\/6<br>Title:<br><a href=\"https:\/\/digilab.instifdt.bg.ac.rs\/?p=1535\">Twitter psychometrics during the London Bridge Attack of 2019<\/a><br><br>Co-autors:<br>Ljubi\u0161a Boji\u0107, Mihajlo Popesku, [add co-author here]<br><br>Target journal:<br><a href=\"https:\/\/link.springer.com\/journal\/11336\" target=\"_blank\" rel=\"noreferrer noopener\" aria-label=\"Psychometrika (opens in a new tab)\">Psychometrika<\/a><\/p>\n\n\n\n<div style=\"height:100px\" aria-hidden=\"true\" class=\"wp-block-spacer\"><\/div>\n\n\n\n<div style=\"height:100px\" aria-hidden=\"true\" class=\"wp-block-spacer\"><\/div>\n\n\n\n<p>5\/6<br>Title:<br><a href=\"https:\/\/digilab.instifdt.bg.ac.rs\/?p=1712\">How weather changes are connected to expressiveness on Twitter<\/a><br><br>Co-autors:<br> Ljubi\u0161a Boji\u0107, Ljiljana Lazarevi\u0107 and Jovana Bjeki\u0107<br><br>Target journal:<br> <a rel=\"noreferrer noopener\" aria-label=\" (opens in a new tab)\" href=\"https:\/\/www.journals.elsevier.com\/computers-in-human-behavior\" target=\"_blank\">Computers in Human Behavior<\/a><\/p>\n\n\n\n<div style=\"height:100px\" aria-hidden=\"true\" class=\"wp-block-spacer\"><\/div>\n\n\n\n<p>6\/6<br>Title:<br><a href=\"https:\/\/media.ljubisabojic.com\/2020\/02\/Media-use-and-happiness-in-Serbia.doc\">Media use and happiness in Serbia<\/a><br><br>Co-autors:<br> Ljubi\u0161a Boji\u0107 and Maja Pavlovi\u0107<br><br>Target journal:<br> <a rel=\"noreferrer noopener\" href=\"http:\/\/www.ips.ac.rs\/magazines\/politicka-misao\/\" target=\"_blank\">Serbian Political Thought<\/a><\/p>\n\n\n\n<div style=\"height:100px\" aria-hidden=\"true\" class=\"wp-block-spacer\"><\/div>\n","protected":false},"excerpt":{"rendered":"<p>This page aggregates manuscripts that Lab members and associates currently work on. Our research efforts are tied to project proposal Media Distortion Index, which was under consideration by the Science Fund of the Republic of Serbia. The proposal passed second evaluation round (reviews\/summary) and it was denied. Thus we are looking at alternative funding options [&hellip;]<\/p>\n","protected":false},"author":3,"featured_media":0,"comment_status":"closed","ping_status":"closed","sticky":false,"template":"","format":"standard","meta":{"footnotes":""},"categories":[1],"tags":[],"class_list":["post-1540","post","type-post","status-publish","format-standard","hentry","category-uncategorized"],"featured_image_src":null,"featured_image_src_square":null,"author_info":{"display_name":"Uros Gavrilovic","author_link":"https:\/\/digilab.instifdt.bg.ac.rs\/?author=3"},"_links":{"self":[{"href":"https:\/\/digilab.instifdt.bg.ac.rs\/index.php?rest_route=\/wp\/v2\/posts\/1540","targetHints":{"allow":["GET"]}}],"collection":[{"href":"https:\/\/digilab.instifdt.bg.ac.rs\/index.php?rest_route=\/wp\/v2\/posts"}],"about":[{"href":"https:\/\/digilab.instifdt.bg.ac.rs\/index.php?rest_route=\/wp\/v2\/types\/post"}],"author":[{"embeddable":true,"href":"https:\/\/digilab.instifdt.bg.ac.rs\/index.php?rest_route=\/wp\/v2\/users\/3"}],"replies":[{"embeddable":true,"href":"https:\/\/digilab.instifdt.bg.ac.rs\/index.php?rest_route=%2Fwp%2Fv2%2Fcomments&post=1540"}],"version-history":[{"count":60,"href":"https:\/\/digilab.instifdt.bg.ac.rs\/index.php?rest_route=\/wp\/v2\/posts\/1540\/revisions"}],"predecessor-version":[{"id":1926,"href":"https:\/\/digilab.instifdt.bg.ac.rs\/index.php?rest_route=\/wp\/v2\/posts\/1540\/revisions\/1926"}],"wp:attachment":[{"href":"https:\/\/digilab.instifdt.bg.ac.rs\/index.php?rest_route=%2Fwp%2Fv2%2Fmedia&parent=1540"}],"wp:term":[{"taxonomy":"category","embeddable":true,"href":"https:\/\/digilab.instifdt.bg.ac.rs\/index.php?rest_route=%2Fwp%2Fv2%2Fcategories&post=1540"},{"taxonomy":"post_tag","embeddable":true,"href":"https:\/\/digilab.instifdt.bg.ac.rs\/index.php?rest_route=%2Fwp%2Fv2%2Ftags&post=1540"}],"curies":[{"name":"wp","href":"https:\/\/api.w.org\/{rel}","templated":true}]}}