{"id":1932,"date":"2020-10-16T07:22:03","date_gmt":"2020-10-16T07:22:03","guid":{"rendered":"http:\/\/digilab.instifdt.bg.ac.rs\/?p=1932"},"modified":"2020-10-23T07:30:07","modified_gmt":"2020-10-23T07:30:07","slug":"jelisaveta-petrovic-veliki-podaci-i-klimatske-promene-socioloska-analiza","status":"publish","type":"post","link":"https:\/\/digilab.instifdt.bg.ac.rs\/?p=1932","title":{"rendered":"Jelisaveta Petrovi\u0107: Veliki podaci i klimatske promene"},"content":{"rendered":"\n<p>Pozivamo vas na predavanje Jelisavete Petrovi\u0107 &#8220;Veliki podaci i klimatske promene \u2013 sociolo\u0161ka analiza&#8221; koje organizuje <a rel=\"noreferrer noopener\" aria-label=\"Laboratorija za digitalnu sociometriju (opens in a new tab)\" href=\"https:\/\/digilab.instifdt.bg.ac.rs\/?p=239\" target=\"_blank\">Laboratorija za digitalnu sociometriju<\/a> i <a rel=\"noreferrer noopener\" aria-label=\"ADA Konzorcijum (opens in a new tab)\" href=\"http:\/\/www.ada.ac.rs\/\" target=\"_blank\">ADA Konzorcijum<\/a> u sredu 4. novembar. 2020. u 12:00 na <a href=\"https:\/\/ifdt.bg.ac.rs\/\">Institutu za filozofiju i dru\u0161tvenu teoriju<\/a> (Kraljice Natalije 45, IV sprat). Molimo vas da popunite formular ispod i tako rezervi\u0161ete svoje mesto.<\/p>\n\n\n\n<div style=\"height:30px\" aria-hidden=\"true\" class=\"wp-block-spacer\"><\/div>\n\n\n\n<p>Globalne klimatske promene i njihov uticaj na ljudske \u017eivote postali su jedan od najvec\u0301ih izazova savremenog doba. S druge strane, napredak u analitici velikih podataka \/ nauci o podacima, do\u010dekan je sa velikim nadama, kao jedinstveno re\u0161enje za gotovo sve dru\u0161tvene probleme. Me\u0111utim, uprkos hitnosti i ozbiljnosti klimatskih promena i obilju klimatskih podataka, do sada nauka o podacima nije imala zna\u010dajniju ulogu u produbljivanju znanja o klimatskim promenama. Ovo je kontrast u odnosu na oblast marketinga, gde je kori\u0161\u0107enje velikih podataka do\u017eivelo zna\u010dajan uspeh. Jedno od pitanja koje \u017eelimo da istra\u017eimo jeste  koje se dru\u0161tvene prepreke postavljaju pred zna\u010dajnije kori\u0161c\u0301enje velikih podataka za re\u0161avanje klimatskih promena. Uo\u010deni nedostaci u dosada\u0161njem kori\u0161\u0107enju velikih podataka delimi\u010dno poti\u010du iz slo\u017eenosti klimatskih podataka. Analitika velikih podataka se obi\u010dno primenjuje na \u201emale probleme\u201c, odnosno na dobro strukturisane slu\u010dajeve. Pored toga, dok su zna\u010dajni resursi ulo\u017eeni u upotrebu velikih podataka u komercijalne svrhe i za nacionalnu bezbednost, znatno manje novca je usmereno ka nau\u010dnoj upotrebi velikih podataka, izme\u0111u ostalog i za nauke koje se bave klimatskim promenama.<\/p>\n\n\n\n<p><\/p>\n\n\n\n<div style=\"height:50px\" aria-hidden=\"true\" class=\"wp-block-spacer\"><\/div>\n\n\n\n<h2 class=\"wp-block-heading\">PREDAVA\u010c<\/h2>\n\n\n\n<div style=\"background-color:#FFFFFF;color:#000000\" class=\"wp-block-atomic-blocks-ab-profile-box square ab-has-avatar ab-font-size-18 ab-block-profile ab-profile-columns\"><div class=\"ab-profile-column ab-profile-avatar-wrap\"><div class=\"ab-profile-image-wrap\"><figure class=\"ab-profile-image-square\"><img loading=\"lazy\" decoding=\"async\" width=\"200\" height=\"200\" class=\"ab-profile-avatar wp-image-142\" src=\"https:\/\/digilab.instifdt.bg.ac.rs\/wp-content\/uploads\/2019\/11\/Jelisaveta.jpg\" alt=\"\"\/><\/figure><\/div><\/div><div class=\"ab-profile-column ab-profile-content-wrap\"><h2 class=\"ab-profile-name\" style=\"color:#000000\"><a rel=\"noreferrer noopener\" aria-label=\"Jelisaveta Petrovi\u0107 (opens in a new tab)\" href=\"http:\/\/isi.f.bg.ac.rs\/jelisaveta-petrovic\/\" target=\"_blank\">Jelisaveta Petrovi\u0107<\/a><\/h2><p class=\"ab-profile-title\" style=\"color:#000000\"> Filozofski fakultet, Univerzitet u Beogradu<\/p><div class=\"ab-profile-text\"><p>Jelisaveta Petrovi\u0107 je docent na Odeljenju za sociologiju Filozofskog fakulteta u Beogradu. Jedno od polja njenog interesovanja predstavljaju digitalna sociologija i kriti\u010dke studije podataka.<\/p><\/div><ul class=\"ab-social-links\"><\/ul><\/div><\/div>\n\n\n\n<div style=\"height:20px\" aria-hidden=\"true\" class=\"wp-block-spacer\"><\/div>\n\n\n\n<p>Ciklus predavanja DigiLab-a i ADA konzorcijuma &#8220;Multidisciplinarni pogledi na dru\u0161tvo u eri digitalnih tehnologija&#8221; odgovara na pitanje na kojim ta\u010dkama se spajaju tehni\u010dke i humanisti\u010dke nauke. Ispita\u0107emo multidisciplinarnost kao neophodni postulat istra\u017eivanja dru\u0161tva u eri digitalnih tehnologija. Kako nam mogu pomo\u0107i znanja iz neuronauka kojima se bavi medicinska struka, \u0161ta je to socio-fizika i iz koje perspektive in\u017eenjeri posmatraju pravi\u010dnost u ve\u0161ta\u010dkoj inteligenciji? Za\u0161to nam je multidisciplinarnost potrebna u dru\u0161tvenim naukama? Predstavi\u0107emo vam polazi\u0161ne ta\u010dke DigiLaba koji okuplja istra\u017eiva\u010de iz razli\u010ditih struka, kako bi se do\u0161lo do inovatihnih re\u0161enja i zna\u010dajnih pomaka u dru\u0161tvenoj nauci.<br><a rel=\"noreferrer noopener\" aria-label=\"Preuzmite buklet DigiLab doga\u0111aja za jesenji semestar 2020. godine > (opens in a new tab)&#8221; href=&#8221;https:\/\/media.ljubisabojic.com\/2020\/10\/DigiLab-Dogadjaji-2020.pdf&#8221; target=&#8221;_blank&#8221;>Preuzmite buklet DigiLab doga\u0111aja za jesenji semestar 2020. godine &gt;<\/a><\/p>\n\n\n\n<div style=\"height:20px\" aria-hidden=\"true\" class=\"wp-block-spacer\"><\/div>\n\n\n\n<p>Erazmus+ projekat Napredna analitika podataka u biznisu (ADA\/ADA Konzorcijum) realizuje se zahvalju\u0107i podr\u0161ci Evropske komisije, u okviru Erazmus+ programa. Pogledajte vi\u0161e na <a href=\"https:\/\/ada.ac.rs\/\">https:\/\/ada.ac.rs<\/a> <\/p>\n\n\n\n<div style=\"height:20px\" aria-hidden=\"true\" class=\"wp-block-spacer\"><\/div>\n\n\n\n<p> Laboratorija za digitalnu sociometriju (DigiLab) Instituta za filozofiju i dru\u0161tvenu teoriju istra\u017euje dru\u0161tvo kroz velike podatke. Pogledajte vi\u0161e na <a href=\"https:\/\/digilab.instifdt.bg.ac.rs\/\">https:\/\/digilab.instifdt.bg.ac.rs<\/a> <\/p>\n\n\n\n<div style=\"height:50px\" aria-hidden=\"true\" class=\"wp-block-spacer\"><\/div>\n\n\n\n<h2 class=\"has-text-align-center wp-block-heading\">SREDA, 4. NOVEMBAR U 12:00<\/h2>\n\n\n\n<h2 class=\"has-text-align-center wp-block-heading\">IFDT, KRALJICE NATALIJE 45 (4. sprat)<\/h2>\n\n\n\n<iframe loading=\"lazy\" src=\"https:\/\/www.google.com\/maps\/embed?pb=!1m18!1m12!1m3!1d2830.66185567964!2d20.45996611504783!3d44.808079485003745!2m3!1f0!2f0!3f0!3m2!1i1024!2i768!4f13.1!3m3!1m2!1s0x475a7aa896551ad1%3A0xf5aaa50791eff9cd!2sInstitut%20za%20filozofiju%20i%20dru%C5%A1tvenu%20teoriju%20Univerziteta%20u%20Beogradu!5e0!3m2!1ssr!2srs!4v1602832769421!5m2!1ssr!2srs\" width=\"600\" height=\"450\" frameborder=\"0\" style=\"border:0;\" allowfullscreen=\"\" aria-hidden=\"false\" tabindex=\"0\"><\/iframe>\n\n\n\n<div style=\"height:50px\" aria-hidden=\"true\" class=\"wp-block-spacer\"><\/div>\n\n\n\n<h2 class=\"has-text-align-center wp-block-heading\">ULAZ JE SLOBODAN.<\/h2>\n\n\n\n<h2 class=\"has-text-align-center wp-block-heading\">REZERVI\u0160ITE SVOJE MESTO:<\/h2>\n\n\n<p style=\"text-align: center; padding-left: 80px;\"><div class=\"wpforms-container wpforms-container-full wpf-center\" id=\"wpforms-2194\"><form id=\"wpforms-form-2194\" class=\"wpforms-validate wpforms-form\" data-formid=\"2194\" method=\"post\" enctype=\"multipart\/form-data\" action=\"\/index.php?rest_route=%2Fwp%2Fv2%2Fposts%2F1932\" data-token=\"02bc5b47b9492145f0d768eeb6e96d5c\" data-token-time=\"1777701096\"><noscript class=\"wpforms-error-noscript\">Please enable JavaScript in your browser to complete this form.<\/noscript><div class=\"wpforms-field-container\"><div id=\"wpforms-2194-field_0-container\" class=\"wpforms-field wpforms-field-name\" data-field-id=\"0\"><label class=\"wpforms-field-label\" for=\"wpforms-2194-field_0\">Ime i prezime <span class=\"wpforms-required-label\">*<\/span><\/label><input type=\"text\" id=\"wpforms-2194-field_0\" class=\"wpforms-field-large wpforms-field-required\" name=\"wpforms[fields][0]\" required><\/div><div id=\"wpforms-2194-field_3-container\" class=\"wpforms-field wpforms-field-text\" data-field-id=\"3\"><label class=\"wpforms-field-label\" for=\"wpforms-2194-field_3\">Institucija (opciono)<\/label><input type=\"text\" id=\"wpforms-2194-field_3\" class=\"wpforms-field-large\" name=\"wpforms[fields][3]\" ><\/div><div id=\"wpforms-2194-field_1-container\" class=\"wpforms-field wpforms-field-email\" data-field-id=\"1\"><label class=\"wpforms-field-label\" for=\"wpforms-2194-field_1\">Mejl <span class=\"wpforms-required-label\">*<\/span><\/label><input type=\"email\" id=\"wpforms-2194-field_1\" class=\"wpforms-field-large wpforms-field-required\" name=\"wpforms[fields][1]\" spellcheck=\"false\" required><\/div><div id=\"wpforms-2194-field_4-container\" class=\"wpforms-field wpforms-field-checkbox\" data-field-id=\"4\"><label class=\"wpforms-field-label\">Izaberite predavanja kojima biste \u017eeleli da prisustvujete<\/label><ul id=\"wpforms-2194-field_4\"><li class=\"choice-1 depth-1\"><input type=\"checkbox\" id=\"wpforms-2194-field_4_1\" name=\"wpforms[fields][4][]\" value=\"Jelisaveta Petrovi\u0107: Veliki podaci i klimatske promene (4. nov.)\"  ><label class=\"wpforms-field-label-inline\" for=\"wpforms-2194-field_4_1\">Jelisaveta Petrovi\u0107: Veliki podaci i klimatske promene (4. nov.)<\/label><\/li><li class=\"choice-2 depth-1\"><input type=\"checkbox\" id=\"wpforms-2194-field_4_2\" name=\"wpforms[fields][4][]\" value=\"Marija Dankulov: Socio-fizika (9. nov.)\"  ><label class=\"wpforms-field-label-inline\" for=\"wpforms-2194-field_4_2\">Marija Dankulov: Socio-fizika (9. nov.)<\/label><\/li><li class=\"choice-3 depth-1\"><input type=\"checkbox\" id=\"wpforms-2194-field_4_3\" name=\"wpforms[fields][4][]\" value=\"Tahir Hasanovi\u0107: Dru\u0161tvena polarizacija (30. nov.)\"  ><label class=\"wpforms-field-label-inline\" for=\"wpforms-2194-field_4_3\">Tahir Hasanovi\u0107: Dru\u0161tvena polarizacija (30. nov.)<\/label><\/li><\/ul><\/div><\/div><!-- .wpforms-field-container --><div class=\"wpforms-field wpforms-field-hp\"><label for=\"wpforms-2194-field-hp\" class=\"wpforms-field-label\">Email<\/label><input type=\"text\" name=\"wpforms[hp]\" id=\"wpforms-2194-field-hp\" class=\"wpforms-field-medium\"><\/div><div class=\"wpforms-submit-container\" ><input type=\"hidden\" name=\"wpforms[id]\" value=\"2194\"><input type=\"hidden\" name=\"page_title\" value=\"\"><input type=\"hidden\" name=\"page_url\" value=\"https:\/\/digilab.instifdt.bg.ac.rs\/index.php?rest_route=\/wp\/v2\/posts\/1932\"><input type=\"hidden\" name=\"url_referer\" value=\"\"><button type=\"submit\" name=\"wpforms[submit]\" id=\"wpforms-submit-2194\" class=\"wpforms-submit\" data-alt-text=\"\u0160alje...\" data-submit-text=\"Po\u0161alji\" aria-live=\"assertive\" value=\"wpforms-submit\">Po\u0161alji<\/button><\/div><\/form><\/div>  <!-- .wpforms-container --><\/p>","protected":false},"excerpt":{"rendered":"<p>Pozivamo vas na predavanje Jelisavete Petrovi\u0107 &#8220;Veliki podaci i klimatske promene \u2013 sociolo\u0161ka analiza&#8221; koje organizuje Laboratorija za digitalnu sociometriju i ADA Konzorcijum u sredu 4. novembar. 2020. u 12:00 na Institutu za filozofiju i dru\u0161tvenu teoriju (Kraljice Natalije 45, IV sprat). Molimo vas da popunite formular ispod i tako rezervi\u0161ete svoje mesto. Globalne klimatske [&hellip;]<\/p>\n","protected":false},"author":3,"featured_media":707,"comment_status":"closed","ping_status":"closed","sticky":false,"template":"","format":"standard","meta":{"footnotes":""},"categories":[2],"tags":[9,3,8,10,7],"class_list":["post-1932","post","type-post","status-publish","format-standard","has-post-thumbnail","hentry","category-events","tag-analytics","tag-big-data","tag-digital-media","tag-panel-discussion","tag-research"],"featured_image_src":"https:\/\/digilab.instifdt.bg.ac.rs\/wp-content\/uploads\/2019\/11\/digi1-600x400.jpg","featured_image_src_square":"https:\/\/digilab.instifdt.bg.ac.rs\/wp-content\/uploads\/2019\/11\/digi1-600x427.jpg","author_info":{"display_name":"Uros Gavrilovic","author_link":"https:\/\/digilab.instifdt.bg.ac.rs\/?author=3"},"_links":{"self":[{"href":"https:\/\/digilab.instifdt.bg.ac.rs\/index.php?rest_route=\/wp\/v2\/posts\/1932","targetHints":{"allow":["GET"]}}],"collection":[{"href":"https:\/\/digilab.instifdt.bg.ac.rs\/index.php?rest_route=\/wp\/v2\/posts"}],"about":[{"href":"https:\/\/digilab.instifdt.bg.ac.rs\/index.php?rest_route=\/wp\/v2\/types\/post"}],"author":[{"embeddable":true,"href":"https:\/\/digilab.instifdt.bg.ac.rs\/index.php?rest_route=\/wp\/v2\/users\/3"}],"replies":[{"embeddable":true,"href":"https:\/\/digilab.instifdt.bg.ac.rs\/index.php?rest_route=%2Fwp%2Fv2%2Fcomments&post=1932"}],"version-history":[{"count":13,"href":"https:\/\/digilab.instifdt.bg.ac.rs\/index.php?rest_route=\/wp\/v2\/posts\/1932\/revisions"}],"predecessor-version":[{"id":2201,"href":"https:\/\/digilab.instifdt.bg.ac.rs\/index.php?rest_route=\/wp\/v2\/posts\/1932\/revisions\/2201"}],"wp:featuredmedia":[{"embeddable":true,"href":"https:\/\/digilab.instifdt.bg.ac.rs\/index.php?rest_route=\/wp\/v2\/media\/707"}],"wp:attachment":[{"href":"https:\/\/digilab.instifdt.bg.ac.rs\/index.php?rest_route=%2Fwp%2Fv2%2Fmedia&parent=1932"}],"wp:term":[{"taxonomy":"category","embeddable":true,"href":"https:\/\/digilab.instifdt.bg.ac.rs\/index.php?rest_route=%2Fwp%2Fv2%2Fcategories&post=1932"},{"taxonomy":"post_tag","embeddable":true,"href":"https:\/\/digilab.instifdt.bg.ac.rs\/index.php?rest_route=%2Fwp%2Fv2%2Ftags&post=1932"}],"curies":[{"name":"wp","href":"https:\/\/api.w.org\/{rel}","templated":true}]}}