{"id":1946,"date":"2020-10-16T07:53:22","date_gmt":"2020-10-16T07:53:22","guid":{"rendered":"http:\/\/digilab.instifdt.bg.ac.rs\/?p=1946"},"modified":"2020-11-24T22:42:26","modified_gmt":"2020-11-24T22:42:26","slug":"tahir-hasanovic-drustvena-polarizacija-i-globalna-buducnost","status":"publish","type":"post","link":"https:\/\/digilab.instifdt.bg.ac.rs\/?p=1946","title":{"rendered":"Tahir Hasanovi\u0107: Dru\u0161tvena polarizacija i globalna budu\u0107nost"},"content":{"rendered":"\n<p>Pozivamo vas na razgovor sa Tahirom Hasanovi\u0107em &#8220;Dru\u0161tvena polarizacija i globalna budu\u0107nost&#8221; koje organizuje <a rel=\"noreferrer noopener\" aria-label=\"Laboratorija za digitalnu sociometriju (opens in a new tab)\" href=\"https:\/\/digilab.instifdt.bg.ac.rs\/?p=239\" target=\"_blank\">Laboratorija za digitalnu sociometriju<\/a> <a rel=\"noreferrer noopener\" aria-label=\"IFDT (opens in a new tab)\" href=\"http:\/\/www.instifdt.bg.ac.rs\/\" target=\"_blank\">IFDT<\/a>-a u ponedeljak 30. novembar. 2020. u 12:00 <s>na <a href=\"https:\/\/ifdt.bg.ac.rs\/\">Institutu za filozofiju i dru\u0161tvenu teoriju<\/a> (Kraljice Natalije 45, IV sprat)<\/s> putem Zoom platforme (<a href=\"https:\/\/zoom.us\/meeting\/register\/tJwtcuuhqjooHdIqyOtBJCgLdi-4-1KKbase\">link<\/a>). Molimo vas da popunite formular ispod i tako rezervi\u0161ete svoje mesto.<\/p>\n\n\n\n<div style=\"height:30px\" aria-hidden=\"true\" class=\"wp-block-spacer\"><\/div>\n\n\n\n<p>Pandemija korona virusa uticala je na sve zemlje sveta. Ovo globalno pitanje je rasplamsalo teorije zavere i pove\u0107alo dru\u0161tvene razlike. Sa druge strane, nacionalni lideri u vode\u0107im zemljama zapada protive se dominaciji miltinacionalnih kompanija. Da li se nalazimo u novom svetu i \u0161ta nas \u010deka u budu\u0107nosti? Koja je razlika, a koje dodirne ta\u010dke izme\u0111u globalisti\u010dkog i nacionalisti\u010dkog pristupa? Kuda vodi ova aktuelna podela u svetskoj politici? Kakva je uloga visoko tehnolo\u0161kih kompanija? Diskusiju o ovim pitanjima otvori\u0107e Tahir Hasanovi\u0107 kroz razgovor sa Ljubi\u0161om Boji\u0107em, koordinatorom Laboratorije za digitalnu sociometriju. Publika se poziva da uzme aktivno u\u010de\u0161\u0107e u diskusiji, koja ima za cilj da dovede do konstruktivnih predloga i re\u0161enja.<\/p>\n\n\n\n<p><\/p>\n\n\n\n<div style=\"height:50px\" aria-hidden=\"true\" class=\"wp-block-spacer\"><\/div>\n\n\n\n<h2 class=\"wp-block-heading\">PREDAVA\u010c<\/h2>\n\n\n\n<div style=\"background-color:#FFFFFF;color:#000000\" class=\"wp-block-atomic-blocks-ab-profile-box square ab-has-avatar ab-font-size-18 ab-block-profile ab-profile-columns\"><div class=\"ab-profile-column ab-profile-avatar-wrap\"><div class=\"ab-profile-image-wrap\"><figure class=\"ab-profile-image-square\"><img loading=\"lazy\" decoding=\"async\" width=\"600\" height=\"600\" class=\"ab-profile-avatar wp-image-2082\" src=\"https:\/\/digilab.instifdt.bg.ac.rs\/wp-content\/uploads\/2020\/10\/Tahir-Hasanovic-.jpeg\" alt=\"\" srcset=\"https:\/\/digilab.instifdt.bg.ac.rs\/wp-content\/uploads\/2020\/10\/Tahir-Hasanovic-.jpeg 600w, https:\/\/digilab.instifdt.bg.ac.rs\/wp-content\/uploads\/2020\/10\/Tahir-Hasanovic--300x300.jpeg 300w, https:\/\/digilab.instifdt.bg.ac.rs\/wp-content\/uploads\/2020\/10\/Tahir-Hasanovic--150x150.jpeg 150w\" sizes=\"auto, (max-width: 600px) 100vw, 600px\" \/><\/figure><\/div><\/div><div class=\"ab-profile-column ab-profile-content-wrap\"><h2 class=\"ab-profile-name\" style=\"color:#000000\"><a href=\"https:\/\/tahirhasanovic.com\/\" target=\"_blank\" rel=\"noreferrer noopener\" aria-label=\"Tahir Hasanovi\u0107 (opens in a new tab)\">Tahir Hasanovi\u0107<\/a><\/h2><p class=\"ab-profile-title\" style=\"color:#000000\">poslovni lider, biv\u0161i direktor srpskog ogranka Trilateralne komisije<\/p><div class=\"ab-profile-text\"><p>\u010covek koji pravi mostove tamo gde drugi \u017eele da ih ru\u0161e. Tako je mogu\u0107e opisati Tahira Hasanovi\u0107a, koji je imao zapa\u017eene uloge u politi\u010dkom \u017eivotu SFRJ, kao predsednik omladine i \u010dlan predsedni\u0161tva CK, a zatim i opozicija Milo\u0161evi\u0107u u DOS-u, gde je bio na poziciji predsednika kadrovske komisije. Tahirov politi\u010dki anga\u017eman traje do 2003. godine, kada je odlu\u010dio da se posveti biznisu. Tahir i u ovoj novoj ulozi posti\u017ee zna\u010dajne rezultate rukovode\u0107i kompanijama iz razli\u010ditih obalasti i u isto vreme spajaju\u0107i Srbiju sa svetom, kroz poziciju izvr\u0161nog direktora srpskog ogranka Trilateralne komisije. Kao politi\u010dki veteran i dobro umre\u017eena osoba u sferi biznisa gospodin Hasanovi\u0107 \u0107e poku\u0161ati da osvetli turbulentnu situaciju u kojoj se nalazi svet danas u susretu  sa ekonomskim, dru\u0161tvenim i politi\u010dkim izazovima.<\/p><\/div><ul class=\"ab-social-links\"><\/ul><\/div><\/div>\n\n\n\n<div style=\"height:20px\" aria-hidden=\"true\" class=\"wp-block-spacer\"><\/div>\n\n\n\n<p>Forum DigiLab-a &#8220;Razgovori o digitalnom dru\u0161tvu&#8221; okuplja digitalne preduzetnike, predstavnike civilnog dru\u0161tva, nau\u010dnike, dr\u017eavne \u010dinovnike i poslovne lidere sa ciljem da se kroz konstruktivan razgovor predstave razli\u010dita vi\u0111enja uticaja tehnologija na dru\u0161tvo i globalne budu\u0107nosti. Krajni ishod razgovora jeste dola\u017eenje do predloga i re\u0161enja za ekonomske, dru\u0161tvene i politi\u010dke izazove.<br> <a href=\"https:\/\/media.ljubisabojic.com\/2020\/10\/DigiLab-Dogadjaji-2020n1.pdf\" target=\"_blank\" rel=\"noreferrer noopener\" aria-label=\" (opens in a new tab)\">Preuzmite buklet DigiLab doga\u0111aja za jesenji semestar 2020. godine &gt;<\/a> <\/p>\n\n\n\n<div style=\"height:20px\" aria-hidden=\"true\" class=\"wp-block-spacer\"><\/div>\n\n\n\n<p><a href=\"https:\/\/digilab.instifdt.bg.ac.rs\" target=\"_blank\" rel=\"noreferrer noopener\" aria-label=\"Laboratorija za digitalnu sociometriju (opens in a new tab)\">Laboratorija za digitalnu sociometriju<\/a> (DigiLab) Instituta za filozofiju i dru\u0161tvenu teoriju istra\u017euje dru\u0161tvo kroz velike podatke.<\/p>\n\n\n\n<div style=\"height:50px\" aria-hidden=\"true\" class=\"wp-block-spacer\"><\/div>\n\n\n\n<h2 class=\"has-text-align-center wp-block-heading\">PONEDELJAK, 30. NOVEMBAR U 12:00<\/h2>\n\n\n\n<h2 class=\"has-text-align-center wp-block-heading\"><s>IFDT, KRALJICE NATALIJE 45 (4. sprat)<\/s> putem Zoom platforme (<a href=\"https:\/\/zoom.us\/meeting\/register\/tJwtcuuhqjooHdIqyOtBJCgLdi-4-1KKbase\">link<\/a>)<\/h2>\n\n\n\n<iframe loading=\"lazy\" src=\"https:\/\/www.google.com\/maps\/embed?pb=!1m18!1m12!1m3!1d2830.66185567964!2d20.45996611504783!3d44.808079485003745!2m3!1f0!2f0!3f0!3m2!1i1024!2i768!4f13.1!3m3!1m2!1s0x475a7aa896551ad1%3A0xf5aaa50791eff9cd!2sInstitut%20za%20filozofiju%20i%20dru%C5%A1tvenu%20teoriju%20Univerziteta%20u%20Beogradu!5e0!3m2!1ssr!2srs!4v1602832769421!5m2!1ssr!2srs\" width=\"600\" height=\"450\" frameborder=\"0\" style=\"border:0;\" allowfullscreen=\"\" aria-hidden=\"false\" tabindex=\"0\"><\/iframe>\n\n\n\n<div style=\"height:50px\" aria-hidden=\"true\" class=\"wp-block-spacer\"><\/div>\n\n\n\n<h2 class=\"has-text-align-center wp-block-heading\">ULAZ JE SLOBODAN.<\/h2>\n\n\n\n<h2 class=\"has-text-align-center wp-block-heading\">REZERVI\u0160ITE SVOJE MESTO:<\/h2>\n\n\n<p style=\"text-align: center; padding-left: 120px;\"><div class=\"wpforms-container wpforms-container-full wpf-center\" id=\"wpforms-2194\"><form id=\"wpforms-form-2194\" class=\"wpforms-validate wpforms-form\" data-formid=\"2194\" method=\"post\" enctype=\"multipart\/form-data\" action=\"\/index.php?rest_route=%2Fwp%2Fv2%2Fposts%2F1946\" data-token=\"b866efcaa04769539d8c252d1e9f8f45\" data-token-time=\"1788665851\"><noscript class=\"wpforms-error-noscript\">Please enable JavaScript in your browser to complete this form.<\/noscript><div class=\"wpforms-field-container\"><div id=\"wpforms-2194-field_0-container\" class=\"wpforms-field wpforms-field-name\" data-field-id=\"0\"><label class=\"wpforms-field-label\" for=\"wpforms-2194-field_0\">Ime i prezime <span class=\"wpforms-required-label\">*<\/span><\/label><input type=\"text\" id=\"wpforms-2194-field_0\" class=\"wpforms-field-large wpforms-field-required\" name=\"wpforms[fields][0]\" required><\/div><div id=\"wpforms-2194-field_3-container\" class=\"wpforms-field wpforms-field-text\" data-field-id=\"3\"><label class=\"wpforms-field-label\" for=\"wpforms-2194-field_3\">Institucija (opciono)<\/label><input type=\"text\" id=\"wpforms-2194-field_3\" class=\"wpforms-field-large\" name=\"wpforms[fields][3]\" ><\/div><div id=\"wpforms-2194-field_1-container\" class=\"wpforms-field wpforms-field-email\" data-field-id=\"1\"><label class=\"wpforms-field-label\" for=\"wpforms-2194-field_1\">Mejl <span class=\"wpforms-required-label\">*<\/span><\/label><input type=\"email\" id=\"wpforms-2194-field_1\" class=\"wpforms-field-large wpforms-field-required\" name=\"wpforms[fields][1]\" spellcheck=\"false\" required><\/div><div id=\"wpforms-2194-field_4-container\" class=\"wpforms-field wpforms-field-checkbox\" data-field-id=\"4\"><label class=\"wpforms-field-label\">Izaberite predavanja kojima biste \u017eeleli da prisustvujete<\/label><ul id=\"wpforms-2194-field_4\"><li class=\"choice-1 depth-1\"><input type=\"checkbox\" id=\"wpforms-2194-field_4_1\" name=\"wpforms[fields][4][]\" value=\"Jelisaveta Petrovi\u0107: Veliki podaci i klimatske promene (4. nov.)\"  ><label class=\"wpforms-field-label-inline\" for=\"wpforms-2194-field_4_1\">Jelisaveta Petrovi\u0107: Veliki podaci i klimatske promene (4. nov.)<\/label><\/li><li class=\"choice-2 depth-1\"><input type=\"checkbox\" id=\"wpforms-2194-field_4_2\" name=\"wpforms[fields][4][]\" value=\"Marija Dankulov: Socio-fizika (9. nov.)\"  ><label class=\"wpforms-field-label-inline\" for=\"wpforms-2194-field_4_2\">Marija Dankulov: Socio-fizika (9. nov.)<\/label><\/li><li class=\"choice-3 depth-1\"><input type=\"checkbox\" id=\"wpforms-2194-field_4_3\" name=\"wpforms[fields][4][]\" value=\"Tahir Hasanovi\u0107: Dru\u0161tvena polarizacija (30. nov.)\"  ><label class=\"wpforms-field-label-inline\" for=\"wpforms-2194-field_4_3\">Tahir Hasanovi\u0107: Dru\u0161tvena polarizacija (30. nov.)<\/label><\/li><\/ul><\/div><\/div><!-- .wpforms-field-container --><div class=\"wpforms-field wpforms-field-hp\"><label for=\"wpforms-2194-field-hp\" class=\"wpforms-field-label\">Name<\/label><input type=\"text\" name=\"wpforms[hp]\" id=\"wpforms-2194-field-hp\" class=\"wpforms-field-medium\"><\/div><div class=\"wpforms-submit-container\" ><input type=\"hidden\" name=\"wpforms[id]\" value=\"2194\"><input type=\"hidden\" name=\"page_title\" value=\"\"><input type=\"hidden\" name=\"page_url\" value=\"https:\/\/digilab.instifdt.bg.ac.rs\/index.php?rest_route=\/wp\/v2\/posts\/1946\"><input type=\"hidden\" name=\"url_referer\" value=\"\"><button type=\"submit\" name=\"wpforms[submit]\" id=\"wpforms-submit-2194\" class=\"wpforms-submit\" data-alt-text=\"\u0160alje...\" data-submit-text=\"Po\u0161alji\" aria-live=\"assertive\" value=\"wpforms-submit\">Po\u0161alji<\/button><\/div><\/form><\/div>  <!-- .wpforms-container --><\/p>","protected":false},"excerpt":{"rendered":"<p>Pozivamo vas na razgovor sa Tahirom Hasanovi\u0107em &#8220;Dru\u0161tvena polarizacija i globalna budu\u0107nost&#8221; koje organizuje Laboratorija za digitalnu sociometriju IFDT-a u ponedeljak 30. novembar. 2020. u 12:00 na Institutu za filozofiju i dru\u0161tvenu teoriju (Kraljice Natalije 45, IV sprat) putem Zoom platforme (link). Molimo vas da popunite formular ispod i tako rezervi\u0161ete svoje mesto. Pandemija korona [&hellip;]<\/p>\n","protected":false},"author":3,"featured_media":707,"comment_status":"closed","ping_status":"closed","sticky":false,"template":"","format":"standard","meta":{"footnotes":""},"categories":[2],"tags":[9,3,8,10,7],"class_list":["post-1946","post","type-post","status-publish","format-standard","has-post-thumbnail","hentry","category-events","tag-analytics","tag-big-data","tag-digital-media","tag-panel-discussion","tag-research"],"featured_image_src":"https:\/\/digilab.instifdt.bg.ac.rs\/wp-content\/uploads\/2019\/11\/digi1-600x400.jpg","featured_image_src_square":"https:\/\/digilab.instifdt.bg.ac.rs\/wp-content\/uploads\/2019\/11\/digi1-600x427.jpg","author_info":{"display_name":"Uros Gavrilovic","author_link":"https:\/\/digilab.instifdt.bg.ac.rs\/?author=3"},"_links":{"self":[{"href":"https:\/\/digilab.instifdt.bg.ac.rs\/index.php?rest_route=\/wp\/v2\/posts\/1946","targetHints":{"allow":["GET"]}}],"collection":[{"href":"https:\/\/digilab.instifdt.bg.ac.rs\/index.php?rest_route=\/wp\/v2\/posts"}],"about":[{"href":"https:\/\/digilab.instifdt.bg.ac.rs\/index.php?rest_route=\/wp\/v2\/types\/post"}],"author":[{"embeddable":true,"href":"https:\/\/digilab.instifdt.bg.ac.rs\/index.php?rest_route=\/wp\/v2\/users\/3"}],"replies":[{"embeddable":true,"href":"https:\/\/digilab.instifdt.bg.ac.rs\/index.php?rest_route=%2Fwp%2Fv2%2Fcomments&post=1946"}],"version-history":[{"count":11,"href":"https:\/\/digilab.instifdt.bg.ac.rs\/index.php?rest_route=\/wp\/v2\/posts\/1946\/revisions"}],"predecessor-version":[{"id":2357,"href":"https:\/\/digilab.instifdt.bg.ac.rs\/index.php?rest_route=\/wp\/v2\/posts\/1946\/revisions\/2357"}],"wp:featuredmedia":[{"embeddable":true,"href":"https:\/\/digilab.instifdt.bg.ac.rs\/index.php?rest_route=\/wp\/v2\/media\/707"}],"wp:attachment":[{"href":"https:\/\/digilab.instifdt.bg.ac.rs\/index.php?rest_route=%2Fwp%2Fv2%2Fmedia&parent=1946"}],"wp:term":[{"taxonomy":"category","embeddable":true,"href":"https:\/\/digilab.instifdt.bg.ac.rs\/index.php?rest_route=%2Fwp%2Fv2%2Fcategories&post=1946"},{"taxonomy":"post_tag","embeddable":true,"href":"https:\/\/digilab.instifdt.bg.ac.rs\/index.php?rest_route=%2Fwp%2Fv2%2Ftags&post=1946"}],"curies":[{"name":"wp","href":"https:\/\/api.w.org\/{rel}","templated":true}]}}