{"id":2203,"date":"2020-10-25T09:01:41","date_gmt":"2020-10-25T09:01:41","guid":{"rendered":"http:\/\/digilab.instifdt.bg.ac.rs\/?p=2203"},"modified":"2020-11-24T22:40:16","modified_gmt":"2020-11-24T22:40:16","slug":"digital-society-talks-2020-book-your-seat-now","status":"publish","type":"post","link":"https:\/\/digilab.instifdt.bg.ac.rs\/?p=2203","title":{"rendered":"Digital Society Talks 2020"},"content":{"rendered":"\n<h2 class=\"has-text-align-center wp-block-heading\">Formular za prijavu<\/h2>\n\n\n\n<p><\/p>\n\n\n<p style=\"text-align: center; padding-left: 120px;\"><div class=\"wpforms-container wpforms-container-full wpf-center\" id=\"wpforms-2208\"><form id=\"wpforms-form-2208\" class=\"wpforms-validate wpforms-form\" data-formid=\"2208\" method=\"post\" enctype=\"multipart\/form-data\" action=\"\/index.php?rest_route=%2Fwp%2Fv2%2Fposts%2F2203\" data-token=\"03ef7c20076bcf12c332ff023360fb18\" data-token-time=\"1777679769\"><noscript class=\"wpforms-error-noscript\">Please enable JavaScript in your browser to complete this form.<\/noscript><div class=\"wpforms-field-container\"><div id=\"wpforms-2208-field_0-container\" class=\"wpforms-field wpforms-field-name\" data-field-id=\"0\"><label class=\"wpforms-field-label\" for=\"wpforms-2208-field_0\">Ime i prezime <span class=\"wpforms-required-label\">*<\/span><\/label><input type=\"text\" id=\"wpforms-2208-field_0\" class=\"wpforms-field-large wpforms-field-required\" name=\"wpforms[fields][0]\" required><\/div><div id=\"wpforms-2208-field_3-container\" class=\"wpforms-field wpforms-field-text\" data-field-id=\"3\"><label class=\"wpforms-field-label\" for=\"wpforms-2208-field_3\">Institucija (opciono)<\/label><input type=\"text\" id=\"wpforms-2208-field_3\" class=\"wpforms-field-large\" name=\"wpforms[fields][3]\" ><\/div><div id=\"wpforms-2208-field_1-container\" class=\"wpforms-field wpforms-field-email\" data-field-id=\"1\"><label class=\"wpforms-field-label\" for=\"wpforms-2208-field_1\">Mejl <span class=\"wpforms-required-label\">*<\/span><\/label><input type=\"email\" id=\"wpforms-2208-field_1\" class=\"wpforms-field-large wpforms-field-required\" name=\"wpforms[fields][1]\" spellcheck=\"false\" required><\/div><div id=\"wpforms-2208-field_4-container\" class=\"wpforms-field wpforms-field-checkbox\" data-field-id=\"4\"><label class=\"wpforms-field-label\">Izaberite predavanja kojima biste \u017eeleli da prisustvujete<\/label><ul id=\"wpforms-2208-field_4\"><li class=\"choice-1 depth-1\"><input type=\"checkbox\" id=\"wpforms-2208-field_4_1\" name=\"wpforms[fields][4][]\" value=\"Jelisaveta Petrovi\u0107: Veliki podaci i klimatske promene - 4. nov.\"  ><label class=\"wpforms-field-label-inline\" for=\"wpforms-2208-field_4_1\">Jelisaveta Petrovi\u0107: Veliki podaci i klimatske promene - 4. nov.<\/label><\/li><li class=\"choice-2 depth-1\"><input type=\"checkbox\" id=\"wpforms-2208-field_4_2\" name=\"wpforms[fields][4][]\" value=\"Marija Dankulov: Socio-fizika - 9. nov.\"  ><label class=\"wpforms-field-label-inline\" for=\"wpforms-2208-field_4_2\">Marija Dankulov: Socio-fizika - 9. nov.<\/label><\/li><li class=\"choice-3 depth-1\"><input type=\"checkbox\" id=\"wpforms-2208-field_4_3\" name=\"wpforms[fields][4][]\" value=\"Tahir Hasanovi\u0107: Dru\u0161tvena polarizacija - 30. nov.\"  ><label class=\"wpforms-field-label-inline\" for=\"wpforms-2208-field_4_3\">Tahir Hasanovi\u0107: Dru\u0161tvena polarizacija - 30. nov.<\/label><\/li><\/ul><\/div><\/div><!-- .wpforms-field-container --><div class=\"wpforms-field wpforms-field-hp\"><label for=\"wpforms-2208-field-hp\" class=\"wpforms-field-label\">Comment<\/label><input type=\"text\" name=\"wpforms[hp]\" id=\"wpforms-2208-field-hp\" class=\"wpforms-field-medium\"><\/div><div class=\"wpforms-submit-container\" ><input type=\"hidden\" name=\"wpforms[id]\" value=\"2208\"><input type=\"hidden\" name=\"page_title\" value=\"\"><input type=\"hidden\" name=\"page_url\" value=\"https:\/\/digilab.instifdt.bg.ac.rs\/index.php?rest_route=\/wp\/v2\/posts\/2203\"><input type=\"hidden\" name=\"url_referer\" value=\"\"><button type=\"submit\" name=\"wpforms[submit]\" id=\"wpforms-submit-2208\" class=\"wpforms-submit\" data-alt-text=\"\u0160alje...\" data-submit-text=\"Po\u0161alji\" aria-live=\"assertive\" value=\"wpforms-submit\">Po\u0161alji<\/button><\/div><\/form><\/div>  <!-- .wpforms-container --><\/p>\n\n\n<p><\/p>\n\n\n\n<div style=\"height:100px\" aria-hidden=\"true\" class=\"wp-block-spacer\"><\/div>\n\n\n\n<h2 class=\"has-text-align-center wp-block-heading\">Sva predavanja \u0107e otpo\u010deti u 12:00 <s>na IFDT, Kraljice Natalije 45 (4. sprat)<\/s> putem Zoom platforme (<a href=\"https:\/\/zoom.us\/meeting\/register\/tJwtcuuhqjooHdIqyOtBJCgLdi-4-1KKbase\">link<\/a>)<\/h2>\n\n\n\n<iframe loading=\"lazy\" src=\"https:\/\/www.google.com\/maps\/embed?pb=!1m18!1m12!1m3!1d2830.66185567964!2d20.45996611504783!3d44.808079485003745!2m3!1f0!2f0!3f0!3m2!1i1024!2i768!4f13.1!3m3!1m2!1s0x475a7aa896551ad1%3A0xf5aaa50791eff9cd!2sInstitut%20za%20filozofiju%20i%20dru%C5%A1tvenu%20teoriju%20Univerziteta%20u%20Beogradu!5e0!3m2!1ssr!2srs!4v1602832769421!5m2!1ssr!2srs\" width=\"600\" height=\"450\" frameborder=\"0\" style=\"border:0;\" allowfullscreen=\"\" aria-hidden=\"false\" tabindex=\"0\"><\/iframe>\n\n\n\n<div style=\"height:100px\" aria-hidden=\"true\" class=\"wp-block-spacer\"><\/div>\n\n\n\n<h2 class=\"wp-block-heading\">PREDAVA\u010cI<\/h2>\n\n\n\n<div style=\"background-color:#FFFFFF;color:#000000\" class=\"wp-block-atomic-blocks-ab-profile-box square ab-has-avatar ab-font-size-18 ab-block-profile ab-profile-columns\"><div class=\"ab-profile-column ab-profile-avatar-wrap\"><div class=\"ab-profile-image-wrap\"><figure class=\"ab-profile-image-square\"><img loading=\"lazy\" decoding=\"async\" width=\"524\" height=\"524\" class=\"ab-profile-avatar wp-image-2078\" src=\"https:\/\/digilab.instifdt.bg.ac.rs\/wp-content\/uploads\/2020\/10\/Jelisaveta-Petrovic-fit.jpg\" alt=\"\" srcset=\"https:\/\/digilab.instifdt.bg.ac.rs\/wp-content\/uploads\/2020\/10\/Jelisaveta-Petrovic-fit.jpg 524w, https:\/\/digilab.instifdt.bg.ac.rs\/wp-content\/uploads\/2020\/10\/Jelisaveta-Petrovic-fit-300x300.jpg 300w, https:\/\/digilab.instifdt.bg.ac.rs\/wp-content\/uploads\/2020\/10\/Jelisaveta-Petrovic-fit-150x150.jpg 150w\" sizes=\"auto, (max-width: 524px) 100vw, 524px\" \/><\/figure><\/div><\/div><div class=\"ab-profile-column ab-profile-content-wrap\"><h2 class=\"ab-profile-name\" style=\"color:#000000\"> Jelisaveta Petrovi\u0107<\/h2><p class=\"ab-profile-title\" style=\"color:#000000\">Filozofski fakultet, Univerzitet u Beogradu<\/p><div class=\"ab-profile-text\"><p>Jelisaveta Petrovi\u0107 je docent na Odeljenju za sociologiju Filozofskog fakulteta u Beogradu. Jedno od polja njenog interesovanja predstavljaju digitalna sociologija i kriti\u010dke studije podataka. <a href=\"https:\/\/digilab.instifdt.bg.ac.rs\/?p=2088\">Saznaj vi\u0161e ><\/a><\/p><\/div><ul class=\"ab-social-links\"><\/ul><\/div><\/div>\n\n\n\n<div style=\"background-color:#FFFFFF;color:#000000\" class=\"wp-block-atomic-blocks-ab-profile-box square ab-has-avatar ab-font-size-18 ab-block-profile ab-profile-columns\"><div class=\"ab-profile-column ab-profile-avatar-wrap\"><div class=\"ab-profile-image-wrap\"><figure class=\"ab-profile-image-square\"><img loading=\"lazy\" decoding=\"async\" width=\"600\" height=\"600\" class=\"ab-profile-avatar wp-image-2080\" src=\"https:\/\/digilab.instifdt.bg.ac.rs\/wp-content\/uploads\/2020\/10\/Marija-Mitrovic-Dankulov.jpg\" alt=\"\" srcset=\"https:\/\/digilab.instifdt.bg.ac.rs\/wp-content\/uploads\/2020\/10\/Marija-Mitrovic-Dankulov.jpg 600w, https:\/\/digilab.instifdt.bg.ac.rs\/wp-content\/uploads\/2020\/10\/Marija-Mitrovic-Dankulov-300x300.jpg 300w, https:\/\/digilab.instifdt.bg.ac.rs\/wp-content\/uploads\/2020\/10\/Marija-Mitrovic-Dankulov-150x150.jpg 150w\" sizes=\"auto, (max-width: 600px) 100vw, 600px\" \/><\/figure><\/div><\/div><div class=\"ab-profile-column ab-profile-content-wrap\"><h2 class=\"ab-profile-name\" style=\"color:#000000\">Marija Mitrovic Dankulov<\/h2><p class=\"ab-profile-title\" style=\"color:#000000\">Institut za fiziku, Univerzitet u Beogradu<\/p><div class=\"ab-profile-text\"><p>Marija Mitrovi\u0107 Dankulov je vi\u0161i nau\u010dni saradnik u Laboratoriji za primenu ra\u010dunara u nauci i rukovodilac Inovacionog centra Instituta za fiziku u Beogradu. <a href=\"https:\/\/digilab.instifdt.bg.ac.rs\/?p=1937\">Saznaj vi\u0161e ><\/a><\/p><\/div><ul class=\"ab-social-links\"><\/ul><\/div><\/div>\n\n\n\n<div style=\"background-color:#FFFFFF;color:#000000\" class=\"wp-block-atomic-blocks-ab-profile-box square ab-has-avatar ab-font-size-18 ab-block-profile ab-profile-columns\"><div class=\"ab-profile-column ab-profile-avatar-wrap\"><div class=\"ab-profile-image-wrap\"><figure class=\"ab-profile-image-square\"><img loading=\"lazy\" decoding=\"async\" width=\"600\" height=\"600\" class=\"ab-profile-avatar wp-image-2082\" src=\"https:\/\/digilab.instifdt.bg.ac.rs\/wp-content\/uploads\/2020\/10\/Tahir-Hasanovic-.jpeg\" alt=\"\" srcset=\"https:\/\/digilab.instifdt.bg.ac.rs\/wp-content\/uploads\/2020\/10\/Tahir-Hasanovic-.jpeg 600w, https:\/\/digilab.instifdt.bg.ac.rs\/wp-content\/uploads\/2020\/10\/Tahir-Hasanovic--300x300.jpeg 300w, https:\/\/digilab.instifdt.bg.ac.rs\/wp-content\/uploads\/2020\/10\/Tahir-Hasanovic--150x150.jpeg 150w\" sizes=\"auto, (max-width: 600px) 100vw, 600px\" \/><\/figure><\/div><\/div><div class=\"ab-profile-column ab-profile-content-wrap\"><h2 class=\"ab-profile-name\" style=\"color:#000000\">Tahir Hasanovi\u0107<\/h2><p class=\"ab-profile-title\" style=\"color:#000000\">poslovni lider, biv\u0161i direktor srpskog ogranka Trilateralne komisije<\/p><div class=\"ab-profile-text\"><p>\u010covek koji pravi mostove tamo gde drugi \u017eele da ih ru\u0161e. Tako je mogu\u0107e opisati Tahira Hasanovi\u0107a, koji je imao zapa\u017eene uloge u politi\u010dkom \u017eivotu SFRJ, a zatim i opozicija Milo\u0161evi\u0107u u DOS-u, gde je bio na poziciji predsednika kadrovske komisije. <a href=\"https:\/\/digilab.instifdt.bg.ac.rs\/?p=1946\">Saznaj vi\u0161e ><\/a><\/p><\/div><ul class=\"ab-social-links\"><\/ul><\/div><\/div>\n\n\n\n<div style=\"height:20px\" aria-hidden=\"true\" class=\"wp-block-spacer\"><\/div>\n\n\n\n<p>Ciklus predavanja DigiLab-a i ADA konzorcijuma &#8220;Multidisciplinarni pogledi na dru\u0161tvo u eri digitalnih tehnologija&#8221; odgovara na pitanje na kojim ta\u010dkama se spajaju tehni\u010dke i humanisti\u010dke nauke. Ispita\u0107emo multidisciplinarnost kao neophodni postulat istra\u017eivanja dru\u0161tva u eri digitalnih tehnologija. Kako nam mogu pomo\u0107i znanja iz neuronauka kojima se bavi medicinska struka, \u0161ta je to socio-fizika i iz koje perspektive in\u017eenjeri posmatraju pravi\u010dnost u ve\u0161ta\u010dkoj inteligenciji? Za\u0161to nam je multidisciplinarnost potrebna u dru\u0161tvenim naukama? Predstavi\u0107emo vam polazi\u0161ne ta\u010dke DigiLaba koji okuplja istra\u017eiva\u010de iz razli\u010ditih struka, kako bi se do\u0161lo do inovatihnih re\u0161enja i zna\u010dajnih pomaka u dru\u0161tvenoj nauci.<\/p>\n\n\n\n<div style=\"height:30px\" aria-hidden=\"true\" class=\"wp-block-spacer\"><\/div>\n\n\n\n<p>Forum DigiLab-a \u201cRazgovori o digitalnom dru\u0161tvu\u201d okuplja digitalne preduzetnike, predstavnike civilnog dru\u0161tva, nau\u010dnike, dr\u017eavne \u010dinovnike i poslovne lidere sa ciljem da se kroz konstruktivan razgovor predstave razli\u010dita vi\u0111enja uticaja tehnologija na dru\u0161tvo i globalne budu\u0107nosti. Krajni ishod razgovora jeste dola\u017eenje do predloga i re\u0161enja za ekonomske, dru\u0161tvene i politi\u010dke izazove.<\/p>\n\n\n\n<p><a rel=\"noreferrer noopener\" href=\"https:\/\/media.ljubisabojic.com\/2020\/10\/DigiLab-Dogadjaji-2020n1.pdf\" target=\"_blank\">Preuzmite buklet DigiLab doga\u0111aja za jesenji semestar 2020. godine &gt;<\/a><\/p>\n\n\n\n<div style=\"height:20px\" aria-hidden=\"true\" class=\"wp-block-spacer\"><\/div>\n\n\n\n<p>Erazmus+ projekat <a href=\"http:\/\/www.ada.ac.rs\/\" target=\"_blank\" rel=\"noreferrer noopener\" aria-label=\"Napredna analitika podataka u biznisu (opens in a new tab)\">Napredna analitika podataka u biznisu<\/a> (ADA\/ADA Konzorcijum) realizuje se zahvalju\u0107i podr\u0161ci Evropske komisije, u okviru Erazmus+ programa.<\/p>\n\n\n\n<div style=\"height:20px\" aria-hidden=\"true\" class=\"wp-block-spacer\"><\/div>\n\n\n\n<p><a href=\"https:\/\/digilab.instifdt.bg.ac.rs\" target=\"_blank\" rel=\"noreferrer noopener\" aria-label=\"Laboratorija za digitalnu sociometriju (opens in a new tab)\">Laboratorija za digitalnu sociometriju<\/a> (DigiLab) Instituta za filozofiju i dru\u0161tvenu teoriju istra\u017euje dru\u0161tvo kroz velike podatke.<\/p>\n\n\n\n<div style=\"height:30px\" aria-hidden=\"true\" class=\"wp-block-spacer\"><\/div>\n\n\n\n<p><a href=\"https:\/\/digilab.instifdt.bg.ac.rs\/\">&lt;Naslovna strana<\/a><\/p>\n\n\n\n<div style=\"height:50px\" aria-hidden=\"true\" class=\"wp-block-spacer\"><\/div>\n\n\n\n<div style=\"height:50px\" aria-hidden=\"true\" class=\"wp-block-spacer\"><\/div>\n","protected":false},"excerpt":{"rendered":"<p>Formular za prijavu Sva predavanja \u0107e otpo\u010deti u 12:00 na IFDT, Kraljice Natalije 45 (4. sprat) putem Zoom platforme (link) PREDAVA\u010cI Ciklus predavanja DigiLab-a i ADA konzorcijuma &#8220;Multidisciplinarni pogledi na dru\u0161tvo u eri digitalnih tehnologija&#8221; odgovara na pitanje na kojim ta\u010dkama se spajaju tehni\u010dke i humanisti\u010dke nauke. Ispita\u0107emo multidisciplinarnost kao neophodni postulat istra\u017eivanja dru\u0161tva u [&hellip;]<\/p>\n","protected":false},"author":3,"featured_media":707,"comment_status":"closed","ping_status":"closed","sticky":false,"template":"","format":"standard","meta":{"footnotes":""},"categories":[2],"tags":[9,3,8,10,7],"class_list":["post-2203","post","type-post","status-publish","format-standard","has-post-thumbnail","hentry","category-events","tag-analytics","tag-big-data","tag-digital-media","tag-panel-discussion","tag-research"],"featured_image_src":"https:\/\/digilab.instifdt.bg.ac.rs\/wp-content\/uploads\/2019\/11\/digi1-600x400.jpg","featured_image_src_square":"https:\/\/digilab.instifdt.bg.ac.rs\/wp-content\/uploads\/2019\/11\/digi1-600x427.jpg","author_info":{"display_name":"Uros Gavrilovic","author_link":"https:\/\/digilab.instifdt.bg.ac.rs\/?author=3"},"_links":{"self":[{"href":"https:\/\/digilab.instifdt.bg.ac.rs\/index.php?rest_route=\/wp\/v2\/posts\/2203","targetHints":{"allow":["GET"]}}],"collection":[{"href":"https:\/\/digilab.instifdt.bg.ac.rs\/index.php?rest_route=\/wp\/v2\/posts"}],"about":[{"href":"https:\/\/digilab.instifdt.bg.ac.rs\/index.php?rest_route=\/wp\/v2\/types\/post"}],"author":[{"embeddable":true,"href":"https:\/\/digilab.instifdt.bg.ac.rs\/index.php?rest_route=\/wp\/v2\/users\/3"}],"replies":[{"embeddable":true,"href":"https:\/\/digilab.instifdt.bg.ac.rs\/index.php?rest_route=%2Fwp%2Fv2%2Fcomments&post=2203"}],"version-history":[{"count":17,"href":"https:\/\/digilab.instifdt.bg.ac.rs\/index.php?rest_route=\/wp\/v2\/posts\/2203\/revisions"}],"predecessor-version":[{"id":2356,"href":"https:\/\/digilab.instifdt.bg.ac.rs\/index.php?rest_route=\/wp\/v2\/posts\/2203\/revisions\/2356"}],"wp:featuredmedia":[{"embeddable":true,"href":"https:\/\/digilab.instifdt.bg.ac.rs\/index.php?rest_route=\/wp\/v2\/media\/707"}],"wp:attachment":[{"href":"https:\/\/digilab.instifdt.bg.ac.rs\/index.php?rest_route=%2Fwp%2Fv2%2Fmedia&parent=2203"}],"wp:term":[{"taxonomy":"category","embeddable":true,"href":"https:\/\/digilab.instifdt.bg.ac.rs\/index.php?rest_route=%2Fwp%2Fv2%2Fcategories&post=2203"},{"taxonomy":"post_tag","embeddable":true,"href":"https:\/\/digilab.instifdt.bg.ac.rs\/index.php?rest_route=%2Fwp%2Fv2%2Ftags&post=2203"}],"curies":[{"name":"wp","href":"https:\/\/api.w.org\/{rel}","templated":true}]}}