{"id":2386,"date":"2021-02-27T12:01:30","date_gmt":"2021-02-27T12:01:30","guid":{"rendered":"http:\/\/digilab.instifdt.bg.ac.rs\/?p=2386"},"modified":"2021-02-27T12:06:45","modified_gmt":"2021-02-27T12:06:45","slug":"ivan-kadic-digitalni-21-vek-inovacije-u-arhitekturi-infrastrukturi-i-pametnim-gradovima","status":"publish","type":"post","link":"https:\/\/digilab.instifdt.bg.ac.rs\/?p=2386","title":{"rendered":"Ivan Kadi\u0107: Digitalni 21 vek inovacija u arhitekturi, infrastrukturi i pametnim gradovima"},"content":{"rendered":"\n<p>Pozivamo vas na predavanje Ivana Kadi\u0107a &#8220;Digitalni 21 vek: inovacije u arhitekturi, infrastrukturi i pametnim gradovima&#8221; koje organizuje <a rel=\"noreferrer noopener\" aria-label=\"Laboratorija za digitalnu sociometriju (opens in a new tab)\" href=\"https:\/\/digilab.instifdt.bg.ac.rs\/?p=239\" target=\"_blank\">Laboratorija za digitalnu sociometriju<\/a> i <a rel=\"noreferrer noopener\" aria-label=\"ADA Konzorcijum (opens in a new tab)\" href=\"http:\/\/www.ada.ac.rs\/\" target=\"_blank\">ADA Konzorcijum<\/a> u sredu 24. marta. 2021. u 12:00 preko Zoom platforme . Molimo vas da popunite formular ispod i tako rezervi\u0161ete svoje mesto.<\/p>\n\n\n\n<div style=\"height:30px\" aria-hidden=\"true\" class=\"wp-block-spacer\"><\/div>\n\n\n\n<p>Digitalno doba koje \u017eivimo, dovelo je do, do sada, nevi\u0111enih i sveprisutnih mogu\u0107nosti inovacije u svim sferama \u017eivota. Tema prezentacija je inovacija i kreativnost u digitalnom dobu, sa fokusom na arhitekturu, infrastrukturu i \u017eivot u velikim gradovima, kao vode\u0107im zagovornicima inovativnih promena u svim urbanim sredinama. Naglasio bih da prezentacija nije usmerena samo na inovacije i kreativnosti u arhitekturi i infrastrukturi ve\u0107 i u svim oblastima koje na kreativne i inovativne na\u010dine upotrebljavaju novomedijske tehnologije.<\/p>\n\n\n\n<p><\/p>\n\n\n\n<div style=\"height:50px\" aria-hidden=\"true\" class=\"wp-block-spacer\"><\/div>\n\n\n\n<h2 class=\"wp-block-heading\">PREDAVA\u010c<\/h2>\n\n\n\n<div style=\"background-color:#FFFFFF;color:#000000\" class=\"wp-block-atomic-blocks-ab-profile-box square ab-has-avatar ab-font-size-18 ab-block-profile ab-profile-columns\"><div class=\"ab-profile-column ab-profile-avatar-wrap\"><div class=\"ab-profile-image-wrap\"><figure class=\"ab-profile-image-square\"><img loading=\"lazy\" decoding=\"async\" width=\"336\" height=\"336\" class=\"ab-profile-avatar wp-image-2387\" src=\"https:\/\/digilab.instifdt.bg.ac.rs\/wp-content\/uploads\/2021\/02\/Buduci-dogadjaji_Kadic.png\" alt=\"\" srcset=\"https:\/\/digilab.instifdt.bg.ac.rs\/wp-content\/uploads\/2021\/02\/Buduci-dogadjaji_Kadic.png 336w, https:\/\/digilab.instifdt.bg.ac.rs\/wp-content\/uploads\/2021\/02\/Buduci-dogadjaji_Kadic-300x300.png 300w, https:\/\/digilab.instifdt.bg.ac.rs\/wp-content\/uploads\/2021\/02\/Buduci-dogadjaji_Kadic-150x150.png 150w\" sizes=\"auto, (max-width: 336px) 100vw, 336px\" \/><\/figure><\/div><\/div><div class=\"ab-profile-column ab-profile-content-wrap\"><h2 class=\"ab-profile-name\" style=\"color:#000000\"> <a href=\"https:\/\/www.linkedin.com\/in\/ivan-kadic\/\" target=\"_blank\" rel=\"noreferrer noopener\">Ivan Kadi\u0107<\/a><\/h2><p class=\"ab-profile-title\" style=\"color:#000000\">CEO 60seconds mobile app<\/p><div class=\"ab-profile-text\"><p>Tokom razli\u010ditih projekata, specijalizovao se za full-cycle development, efektivno rade\u0107i na istima od po\u010detka do kraja. Upravo su ga osnove u arhitekturi nau\u010dile da se prvenstveno fokusira na temelje i da se vodi tom logikom, \u010dak i kad je po\u010deo da radi na projektima razvoja mobilnih aplikacija. Smatra da bliska budu\u0107nost pripada mobilnom telefonu i zato ga je njegov entuzijazam odveo u sektor razvoja mobilnih aplikacija. CEO i suosniva\u010d inovativne ecommerce mobilne aplikacije 60seconds koja omogu\u0107ava da kupujete u omiljenim prodavnicama \u2013 po cenama koje sami odredite.<\/p><\/div><ul class=\"ab-social-links\"><\/ul><\/div><\/div>\n\n\n\n<div style=\"height:20px\" aria-hidden=\"true\" class=\"wp-block-spacer\"><\/div>\n\n\n\n<p>Forum DigiLab-a &#8220;Razgovori o digitalnom dru\u0161tvu&#8221; okuplja digitalne preduzetnike, predstavnike civilnog dru\u0161tva, nau\u010dnike, dr\u017eavne \u010dinovnike i poslovne lidere sa ciljem da se kroz konstruktivan razgovor predstave razli\u010dita vi\u0111enja uticaja tehnologija na dru\u0161tvo i globalne budu\u0107nosti. Krajni ishod razgovora jeste dola\u017eenje do predloga i re\u0161enja za ekonomske, dru\u0161tvene i politi\u010dke izazove.<\/p>\n\n\n\n<div style=\"height:20px\" aria-hidden=\"true\" class=\"wp-block-spacer\"><\/div>\n\n\n\n<p>Erazmus+ projekat <a href=\"http:\/\/www.ada.ac.rs\/\" target=\"_blank\" rel=\"noreferrer noopener\" aria-label=\"Napredna analitika podataka u biznisu (opens in a new tab)\">Napredna analitika podataka u biznisu<\/a> (ADA\/ADA Konzorcijum) realizuje se zahvalju\u0107i podr\u0161ci Evropske komisije, u okviru Erazmus+ programa.<\/p>\n\n\n\n<div style=\"height:20px\" aria-hidden=\"true\" class=\"wp-block-spacer\"><\/div>\n\n\n\n<p><a href=\"https:\/\/digilab.instifdt.bg.ac.rs\" target=\"_blank\" rel=\"noreferrer noopener\" aria-label=\"Laboratorija za digitalnu sociometriju (opens in a new tab)\">Laboratorija za digitalnu sociometriju<\/a> (DigiLab) Instituta za filozofiju i dru\u0161tvenu teoriju istra\u017euje dru\u0161tvo kroz velike podatke.<\/p>\n\n\n\n<div style=\"height:50px\" aria-hidden=\"true\" class=\"wp-block-spacer\"><\/div>\n\n\n\n<h2 class=\"has-text-align-center wp-block-heading\">SREDA, 24. MART U 12:00, <br>ZOOM PLATFORMA.<\/h2>\n\n\n\n<h2 class=\"has-text-align-center wp-block-heading\">REZERVI\u0160ITE SVOJE MESTO:<\/h2>\n\n\n<p style=\"text-align: center; padding-left: 120px;\"><div class=\"wpforms-container wpforms-container-full wpf-center\" id=\"wpforms-2393\"><form id=\"wpforms-form-2393\" class=\"wpforms-validate wpforms-form\" data-formid=\"2393\" method=\"post\" enctype=\"multipart\/form-data\" action=\"\/index.php?rest_route=%2Fwp%2Fv2%2Fposts%2F2386\" data-token=\"3a6784d45e7b12bae4138cdc378cc57f\" data-token-time=\"1777602978\"><noscript class=\"wpforms-error-noscript\">Please enable JavaScript in your browser to complete this form.<\/noscript><div class=\"wpforms-field-container\"><div id=\"wpforms-2393-field_0-container\" class=\"wpforms-field wpforms-field-name\" data-field-id=\"0\"><label class=\"wpforms-field-label\" for=\"wpforms-2393-field_0\">Ime i prezime <span class=\"wpforms-required-label\">*<\/span><\/label><input type=\"text\" id=\"wpforms-2393-field_0\" class=\"wpforms-field-large wpforms-field-required\" name=\"wpforms[fields][0]\" required><\/div><div id=\"wpforms-2393-field_3-container\" class=\"wpforms-field wpforms-field-text\" data-field-id=\"3\"><label class=\"wpforms-field-label\" for=\"wpforms-2393-field_3\">Institucija (opciono)<\/label><input type=\"text\" id=\"wpforms-2393-field_3\" class=\"wpforms-field-large\" name=\"wpforms[fields][3]\" ><\/div><div id=\"wpforms-2393-field_1-container\" class=\"wpforms-field wpforms-field-email\" data-field-id=\"1\"><label class=\"wpforms-field-label\" for=\"wpforms-2393-field_1\">Mejl <span class=\"wpforms-required-label\">*<\/span><\/label><input type=\"email\" id=\"wpforms-2393-field_1\" class=\"wpforms-field-large wpforms-field-required\" name=\"wpforms[fields][1]\" spellcheck=\"false\" required><\/div><\/div><!-- .wpforms-field-container --><div class=\"wpforms-field wpforms-field-hp\"><label for=\"wpforms-2393-field-hp\" class=\"wpforms-field-label\">Comment<\/label><input type=\"text\" name=\"wpforms[hp]\" id=\"wpforms-2393-field-hp\" class=\"wpforms-field-medium\"><\/div><div class=\"wpforms-submit-container\" ><input type=\"hidden\" name=\"wpforms[id]\" value=\"2393\"><input type=\"hidden\" name=\"page_title\" value=\"\"><input type=\"hidden\" name=\"page_url\" value=\"https:\/\/digilab.instifdt.bg.ac.rs\/index.php?rest_route=\/wp\/v2\/posts\/2386\"><input type=\"hidden\" name=\"url_referer\" value=\"\"><button type=\"submit\" name=\"wpforms[submit]\" id=\"wpforms-submit-2393\" class=\"wpforms-submit\" data-alt-text=\"\u0160alje...\" data-submit-text=\"Po\u0161alji\" aria-live=\"assertive\" value=\"wpforms-submit\">Po\u0161alji<\/button><\/div><\/form><\/div>  <!-- .wpforms-container --><\/p>","protected":false},"excerpt":{"rendered":"<p>Pozivamo vas na predavanje Ivana Kadi\u0107a &#8220;Digitalni 21 vek: inovacije u arhitekturi, infrastrukturi i pametnim gradovima&#8221; koje organizuje Laboratorija za digitalnu sociometriju i ADA Konzorcijum u sredu 24. marta. 2021. u 12:00 preko Zoom platforme . Molimo vas da popunite formular ispod i tako rezervi\u0161ete svoje mesto. Digitalno doba koje \u017eivimo, dovelo je do, do [&hellip;]<\/p>\n","protected":false},"author":3,"featured_media":707,"comment_status":"closed","ping_status":"closed","sticky":false,"template":"","format":"standard","meta":{"footnotes":""},"categories":[2],"tags":[9,3,8,10,7],"class_list":["post-2386","post","type-post","status-publish","format-standard","has-post-thumbnail","hentry","category-events","tag-analytics","tag-big-data","tag-digital-media","tag-panel-discussion","tag-research"],"featured_image_src":"https:\/\/digilab.instifdt.bg.ac.rs\/wp-content\/uploads\/2019\/11\/digi1-600x400.jpg","featured_image_src_square":"https:\/\/digilab.instifdt.bg.ac.rs\/wp-content\/uploads\/2019\/11\/digi1-600x427.jpg","author_info":{"display_name":"Uros Gavrilovic","author_link":"https:\/\/digilab.instifdt.bg.ac.rs\/?author=3"},"_links":{"self":[{"href":"https:\/\/digilab.instifdt.bg.ac.rs\/index.php?rest_route=\/wp\/v2\/posts\/2386","targetHints":{"allow":["GET"]}}],"collection":[{"href":"https:\/\/digilab.instifdt.bg.ac.rs\/index.php?rest_route=\/wp\/v2\/posts"}],"about":[{"href":"https:\/\/digilab.instifdt.bg.ac.rs\/index.php?rest_route=\/wp\/v2\/types\/post"}],"author":[{"embeddable":true,"href":"https:\/\/digilab.instifdt.bg.ac.rs\/index.php?rest_route=\/wp\/v2\/users\/3"}],"replies":[{"embeddable":true,"href":"https:\/\/digilab.instifdt.bg.ac.rs\/index.php?rest_route=%2Fwp%2Fv2%2Fcomments&post=2386"}],"version-history":[{"count":6,"href":"https:\/\/digilab.instifdt.bg.ac.rs\/index.php?rest_route=\/wp\/v2\/posts\/2386\/revisions"}],"predecessor-version":[{"id":2394,"href":"https:\/\/digilab.instifdt.bg.ac.rs\/index.php?rest_route=\/wp\/v2\/posts\/2386\/revisions\/2394"}],"wp:featuredmedia":[{"embeddable":true,"href":"https:\/\/digilab.instifdt.bg.ac.rs\/index.php?rest_route=\/wp\/v2\/media\/707"}],"wp:attachment":[{"href":"https:\/\/digilab.instifdt.bg.ac.rs\/index.php?rest_route=%2Fwp%2Fv2%2Fmedia&parent=2386"}],"wp:term":[{"taxonomy":"category","embeddable":true,"href":"https:\/\/digilab.instifdt.bg.ac.rs\/index.php?rest_route=%2Fwp%2Fv2%2Fcategories&post=2386"},{"taxonomy":"post_tag","embeddable":true,"href":"https:\/\/digilab.instifdt.bg.ac.rs\/index.php?rest_route=%2Fwp%2Fv2%2Ftags&post=2386"}],"curies":[{"name":"wp","href":"https:\/\/api.w.org\/{rel}","templated":true}]}}