{"id":2432,"date":"2021-04-05T08:55:32","date_gmt":"2021-04-05T08:55:32","guid":{"rendered":"http:\/\/digilab.instifdt.bg.ac.rs\/?p=2432"},"modified":"2021-04-05T08:55:32","modified_gmt":"2021-04-05T08:55:32","slug":"desiree-zeljka-milosevic-da-li-internet-moze-da-pomogne-da-resi-ekoloska-pitanja","status":"publish","type":"post","link":"https:\/\/digilab.instifdt.bg.ac.rs\/?p=2432","title":{"rendered":"Desiree \u017deljka Milo\u0161evi\u0107: Da li Internet mo\u017ee da pomogne da re\u0161i ekolo\u0161ka pitanja?"},"content":{"rendered":"\n<p>Pozivamo vas na predavanje Desiree \u017deljka Milo\u0161evi\u0107 &#8220;Ekologija i Internet \u2013 da li Internet mo\u017ee da pomogne da re\u0161i ekolo\u0161ka pitanja?&#8221; koje organizuje <a rel=\"noreferrer noopener\" aria-label=\"Laboratorija za digitalnu sociometriju (opens in a new tab)\" href=\"https:\/\/digilab.instifdt.bg.ac.rs\/?p=239\" target=\"_blank\">Laboratorija za digitalnu sociometriju<\/a> i <a rel=\"noreferrer noopener\" aria-label=\"ADA Konzorcijum (opens in a new tab)\" href=\"http:\/\/www.ada.ac.rs\/\" target=\"_blank\">ADA Konzorcijum<\/a> u sredu 21. aprila. 2021. u 12:00 preko Zoom platforme . Molimo vas da popunite formular ispod i tako rezervi\u0161ete svoje mesto.<\/p>\n\n\n\n<div style=\"height:30px\" aria-hidden=\"true\" class=\"wp-block-spacer\"><\/div>\n\n\n\n<p>Tokom predavanja \u0107emo predstaviti trendove UN SG 13 i otvoriti pitanje kako da kreiramo na\u0161u budu\u0107nost, izvore energija i sa\u010duvamo planetu? Ujedinjene nacije su postavile cilj, koji nastoje da ostvare do 2030. godine (SG 13), a odnosi se na klimatske promene i globalnu krizu ekologije dru\u0161tva. Poku\u0161a\u0107emo da objasnimo u kakvom su odnosu ekologija i internet i \u0161ta mo\u017eemo da uradimo povodom antropogenih klimatskih promena na geologiju planete i njene ekosisteme. Tako\u0111e \u0107emo nastojati da razumemo pojam Internet of Things i kako je on deo re\u0161enja.<\/p>\n\n\n\n<p><\/p>\n\n\n\n<div style=\"height:50px\" aria-hidden=\"true\" class=\"wp-block-spacer\"><\/div>\n\n\n\n<h2 class=\"wp-block-heading\">PREDAVA\u010c<\/h2>\n\n\n\n<div style=\"background-color:#FFFFFF;color:#000000\" class=\"wp-block-atomic-blocks-ab-profile-box square ab-has-avatar ab-font-size-18 ab-block-profile ab-profile-columns\"><div class=\"ab-profile-column ab-profile-avatar-wrap\"><div class=\"ab-profile-image-wrap\"><figure class=\"ab-profile-image-square\"><img loading=\"lazy\" decoding=\"async\" width=\"534\" height=\"800\" class=\"ab-profile-avatar wp-image-2430\" src=\"https:\/\/digilab.instifdt.bg.ac.rs\/wp-content\/uploads\/2021\/04\/Desiree.jpg\" alt=\"\" srcset=\"https:\/\/digilab.instifdt.bg.ac.rs\/wp-content\/uploads\/2021\/04\/Desiree.jpg 534w, https:\/\/digilab.instifdt.bg.ac.rs\/wp-content\/uploads\/2021\/04\/Desiree-200x300.jpg 200w\" sizes=\"auto, (max-width: 534px) 100vw, 534px\" \/><\/figure><\/div><\/div><div class=\"ab-profile-column ab-profile-content-wrap\"><h2 class=\"ab-profile-name\" style=\"color:#000000\"> <a rel=\"noreferrer noopener\" href=\"https:\/\/www.linkedin.com\/in\/supergirl\/\" target=\"_blank\">Desiree Zeljka Miloshevic<\/a><\/h2><p class=\"ab-profile-title\" style=\"color:#000000\">Konsultant za javnu politiku Interneta<\/p><div class=\"ab-profile-text\"><p>Pionirka u internet zajednici sa preko 25 godina me\u0111unarodnog iskustva u neprofitabilnom i korporativnom sektoru.<\/p><p>Zala\u017ee se za javnu politiku interneta i pru\u017eanje mogu\u0107nosti da Internet ostane otvoren i dostupan svim korisnicima \u0161irom sveta. Poma\u017ee u postizanju vec\u0301e koordinacije i razumevanja izme\u0111u tehni\u010dke, preduzetni\u010dke, korisni\u010dke zajednice i zakonodavaca; konsultuje kreatore politika; nastoji da osigura zajedni\u010dke resurse \u2013 da Internet kao komunikaciona tehnologija nadma\u0161uje tro\u0161kove potencijalne zloupotrebe i prekomerne regulacije.<\/p><p>Prvi put je izabrana 2004. godine u Odbor poverenika Internet dru\u0161tva, neprofitne organizacije sa misijom: Internet je za sve, kao i u Odbor ra\u010dunarskih profesionalaca za dru\u0161tvenu odgovornost. Bila je specijalni savetnik podsekretara Ujedinjenih nacija Saveta za upravljanje Internetom. Bavi se volonterskim radom i prikuplja sredstva za mnoge razli\u010dite lokalne i globalne internet zajednice, organizacije i institucije kako bi Internet bio otvoren i dostupan.<\/p><p>Tokom dve decenije produktivne interakcije sa pionirima Interneta, regulatorima, me\u0111uvladinim liderima, akademicima, umetnicima i aktivistima \u0161irom sveta, stekla je jedinstveni skup iskustava pomoc\u0301u kojih danas re\u0161ava slo\u017eene me\u0111usektorske izazove tehni\u010dke koordinacije i upravljanja internetom.<\/p><p>Trenutno radi kao Vi\u0161a savetnica za javnu politiku i me\u0111unarodne odnose u Afilias Inc i kao direktorka Internet dru\u0161tva Srbije, ali i kao i \u010dlanica, predsednica i konsultantkinja mnogih upravnih odbora: Internet Society (ISOC), Share fondacija, Open Rights Group UK i Internet Society UK England Chapter.<\/p><\/div><ul class=\"ab-social-links\"><\/ul><\/div><\/div>\n\n\n\n<div style=\"height:20px\" aria-hidden=\"true\" class=\"wp-block-spacer\"><\/div>\n\n\n\n<p>Forum DigiLab-a &#8220;Razgovori o digitalnom dru\u0161tvu&#8221; okuplja digitalne preduzetnike, predstavnike civilnog dru\u0161tva, nau\u010dnike, dr\u017eavne \u010dinovnike i poslovne lidere sa ciljem da se kroz konstruktivan razgovor predstave razli\u010dita vi\u0111enja uticaja tehnologija na dru\u0161tvo i globalne budu\u0107nosti. Krajni ishod razgovora jeste dola\u017eenje do predloga i re\u0161enja za ekonomske, dru\u0161tvene i politi\u010dke izazove.<\/p>\n\n\n\n<div style=\"height:20px\" aria-hidden=\"true\" class=\"wp-block-spacer\"><\/div>\n\n\n\n<p>Erazmus+ projekat <a href=\"http:\/\/www.ada.ac.rs\/\" target=\"_blank\" rel=\"noreferrer noopener\" aria-label=\"Napredna analitika podataka u biznisu (opens in a new tab)\">Napredna analitika podataka u biznisu<\/a> (ADA\/ADA Konzorcijum) realizuje se zahvalju\u0107i podr\u0161ci Evropske komisije, u okviru Erazmus+ programa.<\/p>\n\n\n\n<div style=\"height:20px\" aria-hidden=\"true\" class=\"wp-block-spacer\"><\/div>\n\n\n\n<p><a href=\"https:\/\/digilab.instifdt.bg.ac.rs\" target=\"_blank\" rel=\"noreferrer noopener\" aria-label=\"Laboratorija za digitalnu sociometriju (opens in a new tab)\">Laboratorija za digitalnu sociometriju<\/a> (DigiLab) Instituta za filozofiju i dru\u0161tvenu teoriju istra\u017euje dru\u0161tvo kroz velike podatke.<\/p>\n\n\n\n<div style=\"height:50px\" aria-hidden=\"true\" class=\"wp-block-spacer\"><\/div>\n\n\n\n<h2 class=\"has-text-align-center wp-block-heading\">SREDA, 21. APRIL U 12:00, <br>ZOOM PLATFORMA.<\/h2>\n\n\n\n<h2 class=\"has-text-align-center wp-block-heading\">REZERVI\u0160ITE SVOJE MESTO:<\/h2>\n\n\n<p style=\"text-align: center; padding-left: 120px;\"><div class=\"wpforms-container wpforms-container-full wpf-center\" id=\"wpforms-2435\"><form id=\"wpforms-form-2435\" class=\"wpforms-validate wpforms-form\" data-formid=\"2435\" method=\"post\" enctype=\"multipart\/form-data\" action=\"\/index.php?rest_route=%2Fwp%2Fv2%2Fposts%2F2432\" data-token=\"2cee132b19631099c2839d3b235eeeea\" data-token-time=\"1777675198\"><noscript class=\"wpforms-error-noscript\">Please enable JavaScript in your browser to complete this form.<\/noscript><div class=\"wpforms-field-container\"><div id=\"wpforms-2435-field_0-container\" class=\"wpforms-field wpforms-field-name\" data-field-id=\"0\"><label class=\"wpforms-field-label\" for=\"wpforms-2435-field_0\">Ime i prezime <span class=\"wpforms-required-label\">*<\/span><\/label><input type=\"text\" id=\"wpforms-2435-field_0\" class=\"wpforms-field-large wpforms-field-required\" name=\"wpforms[fields][0]\" required><\/div><div id=\"wpforms-2435-field_3-container\" class=\"wpforms-field wpforms-field-text\" data-field-id=\"3\"><label class=\"wpforms-field-label\" for=\"wpforms-2435-field_3\">Institucija (opciono)<\/label><input type=\"text\" id=\"wpforms-2435-field_3\" class=\"wpforms-field-large\" name=\"wpforms[fields][3]\" ><\/div><div id=\"wpforms-2435-field_1-container\" class=\"wpforms-field wpforms-field-email\" data-field-id=\"1\"><label class=\"wpforms-field-label\" for=\"wpforms-2435-field_1\">Mejl <span class=\"wpforms-required-label\">*<\/span><\/label><input type=\"email\" id=\"wpforms-2435-field_1\" class=\"wpforms-field-large wpforms-field-required\" name=\"wpforms[fields][1]\" spellcheck=\"false\" required><\/div><\/div><!-- .wpforms-field-container --><div class=\"wpforms-field wpforms-field-hp\"><label for=\"wpforms-2435-field-hp\" class=\"wpforms-field-label\">Comment<\/label><input type=\"text\" name=\"wpforms[hp]\" id=\"wpforms-2435-field-hp\" class=\"wpforms-field-medium\"><\/div><div class=\"wpforms-submit-container\" ><input type=\"hidden\" name=\"wpforms[id]\" value=\"2435\"><input type=\"hidden\" name=\"page_title\" value=\"\"><input type=\"hidden\" name=\"page_url\" value=\"https:\/\/digilab.instifdt.bg.ac.rs\/index.php?rest_route=\/wp\/v2\/posts\/2432\"><input type=\"hidden\" name=\"url_referer\" value=\"\"><button type=\"submit\" name=\"wpforms[submit]\" id=\"wpforms-submit-2435\" class=\"wpforms-submit\" data-alt-text=\"\u0160alje...\" data-submit-text=\"Po\u0161alji\" aria-live=\"assertive\" value=\"wpforms-submit\">Po\u0161alji<\/button><\/div><\/form><\/div>  <!-- .wpforms-container --><\/p>","protected":false},"excerpt":{"rendered":"<p>Pozivamo vas na predavanje Desiree \u017deljka Milo\u0161evi\u0107 &#8220;Ekologija i Internet \u2013 da li Internet mo\u017ee da pomogne da re\u0161i ekolo\u0161ka pitanja?&#8221; koje organizuje Laboratorija za digitalnu sociometriju i ADA Konzorcijum u sredu 21. aprila. 2021. u 12:00 preko Zoom platforme . Molimo vas da popunite formular ispod i tako rezervi\u0161ete svoje mesto. Tokom predavanja \u0107emo [&hellip;]<\/p>\n","protected":false},"author":3,"featured_media":707,"comment_status":"closed","ping_status":"closed","sticky":false,"template":"","format":"standard","meta":{"footnotes":""},"categories":[2],"tags":[9,3,8,10,7],"class_list":["post-2432","post","type-post","status-publish","format-standard","has-post-thumbnail","hentry","category-events","tag-analytics","tag-big-data","tag-digital-media","tag-panel-discussion","tag-research"],"featured_image_src":"https:\/\/digilab.instifdt.bg.ac.rs\/wp-content\/uploads\/2019\/11\/digi1-600x400.jpg","featured_image_src_square":"https:\/\/digilab.instifdt.bg.ac.rs\/wp-content\/uploads\/2019\/11\/digi1-600x427.jpg","author_info":{"display_name":"Uros Gavrilovic","author_link":"https:\/\/digilab.instifdt.bg.ac.rs\/?author=3"},"_links":{"self":[{"href":"https:\/\/digilab.instifdt.bg.ac.rs\/index.php?rest_route=\/wp\/v2\/posts\/2432","targetHints":{"allow":["GET"]}}],"collection":[{"href":"https:\/\/digilab.instifdt.bg.ac.rs\/index.php?rest_route=\/wp\/v2\/posts"}],"about":[{"href":"https:\/\/digilab.instifdt.bg.ac.rs\/index.php?rest_route=\/wp\/v2\/types\/post"}],"author":[{"embeddable":true,"href":"https:\/\/digilab.instifdt.bg.ac.rs\/index.php?rest_route=\/wp\/v2\/users\/3"}],"replies":[{"embeddable":true,"href":"https:\/\/digilab.instifdt.bg.ac.rs\/index.php?rest_route=%2Fwp%2Fv2%2Fcomments&post=2432"}],"version-history":[{"count":1,"href":"https:\/\/digilab.instifdt.bg.ac.rs\/index.php?rest_route=\/wp\/v2\/posts\/2432\/revisions"}],"predecessor-version":[{"id":2437,"href":"https:\/\/digilab.instifdt.bg.ac.rs\/index.php?rest_route=\/wp\/v2\/posts\/2432\/revisions\/2437"}],"wp:featuredmedia":[{"embeddable":true,"href":"https:\/\/digilab.instifdt.bg.ac.rs\/index.php?rest_route=\/wp\/v2\/media\/707"}],"wp:attachment":[{"href":"https:\/\/digilab.instifdt.bg.ac.rs\/index.php?rest_route=%2Fwp%2Fv2%2Fmedia&parent=2432"}],"wp:term":[{"taxonomy":"category","embeddable":true,"href":"https:\/\/digilab.instifdt.bg.ac.rs\/index.php?rest_route=%2Fwp%2Fv2%2Fcategories&post=2432"},{"taxonomy":"post_tag","embeddable":true,"href":"https:\/\/digilab.instifdt.bg.ac.rs\/index.php?rest_route=%2Fwp%2Fv2%2Ftags&post=2432"}],"curies":[{"name":"wp","href":"https:\/\/api.w.org\/{rel}","templated":true}]}}