{"id":2456,"date":"2021-05-10T06:45:45","date_gmt":"2021-05-10T06:45:45","guid":{"rendered":"http:\/\/digilab.instifdt.bg.ac.rs\/?p=2456"},"modified":"2021-05-10T07:33:13","modified_gmt":"2021-05-10T07:33:13","slug":"milovan-suvakov-vizuelizacije-otvorenih-podataka","status":"publish","type":"post","link":"https:\/\/digilab.instifdt.bg.ac.rs\/?p=2456","title":{"rendered":"Milovan \u0160uvakov: Vizuelizacije otvorenih podataka"},"content":{"rendered":"\n<p>Pozivamo vas na predavanje Milovana \u0160uvakova &#8220;Vizuelizacije otvorenih podataka&#8221; koje organizuje <a rel=\"noreferrer noopener\" aria-label=\"Laboratorija za digitalnu sociometriju (opens in a new tab)\" href=\"https:\/\/digilab.instifdt.bg.ac.rs\/?p=239\" target=\"_blank\">Laboratorija za digitalnu sociometriju<\/a> i <a rel=\"noreferrer noopener\" aria-label=\"ADA Konzorcijum (opens in a new tab)\" href=\"http:\/\/www.ada.ac.rs\/\" target=\"_blank\">ADA Konzorcijum<\/a> u sredu 19. maja. 2021. u 12:00 preko Zoom platforme . Molimo vas da popunite formular ispod i tako rezervi\u0161ete svoje mesto.<\/p>\n\n\n\n<div style=\"height:30px\" aria-hidden=\"true\" class=\"wp-block-spacer\"><\/div>\n\n\n\n<p>Otvoreni podaci predstavljaju dr\u017eavne podatke koji bilo ko mo\u017ee da slobodno koristi i redistribuira za komercijalne ili nekomercijalne svrhe. Uglavnom su skupovi ovih podataka veliki i kompleksni za sagledavanje. Vizuelizacije su va\u017ean alat koji nam poma\u017ee da analiziramo i bolje razumemo podatke. U ovom predavanju \u0160uvakov \u0107e pokazati par primera vizuelizacije otvorenih podataka Republike Srbije i Evropske unije.<\/p>\n\n\n\n<p><\/p>\n\n\n\n<div style=\"height:50px\" aria-hidden=\"true\" class=\"wp-block-spacer\"><\/div>\n\n\n\n<h2 class=\"wp-block-heading\">PREDAVA\u010c<\/h2>\n\n\n\n<div style=\"background-color:#FFFFFF;color:#000000\" class=\"wp-block-atomic-blocks-ab-profile-box square ab-has-avatar ab-font-size-18 ab-block-profile ab-profile-columns\"><div class=\"ab-profile-column ab-profile-avatar-wrap\"><div class=\"ab-profile-image-wrap\"><figure class=\"ab-profile-image-square\"><img loading=\"lazy\" decoding=\"async\" width=\"600\" height=\"705\" class=\"ab-profile-avatar wp-image-2457\" src=\"https:\/\/digilab.instifdt.bg.ac.rs\/wp-content\/uploads\/2021\/05\/suki_sajt.jpg\" alt=\"\" srcset=\"https:\/\/digilab.instifdt.bg.ac.rs\/wp-content\/uploads\/2021\/05\/suki_sajt.jpg 600w, https:\/\/digilab.instifdt.bg.ac.rs\/wp-content\/uploads\/2021\/05\/suki_sajt-255x300.jpg 255w\" sizes=\"auto, (max-width: 600px) 100vw, 600px\" \/><\/figure><\/div><\/div><div class=\"ab-profile-column ab-profile-content-wrap\"><h2 class=\"ab-profile-name\" style=\"color:#000000\"> <a href=\"https:\/\/www.linkedin.com\/in\/milovan-%C5%A1uvakov-90a03711\/\" target=\"_blank\" rel=\"noreferrer noopener\">Milovan \u0160uvakov<\/a><\/h2><p class=\"ab-profile-title\" style=\"color:#000000\">vi\u0161i nau\u010dni saradnik<\/p><div class=\"ab-profile-text\"><p>Milovan je vi\u0161i nau\u010dni saradnik Instituta za fiziku u Beogradu. Trenutno je na sabatikalu, u\u010di bioinformatiku i radi kao nau\u010dni saradnik na klinici Mejo, SAD. Njegova istra\u017eivanja su uglavnom bazirana na numeri\u010dkoj analizi i modelovanju u nekoliko oblasti, koje uklju\u010duju: kompleksne sisteme, dru\u0161tvene mre\u017ee, kineti\u010dku teoriju, nanotehnologije, bioinformatiku i nebesku mehaniku. Diplomirao je fiziku na Univerzitetu u Beogradu 2004, magistrirao (po starom) fiziku na istom mestu, a 2009. doktorirao na Me\u0111unarodnoj posdiplomskoj \u0161koli Jo\u017eefa \u0160tefana u Ljubljani, Slovenija. Radio je u Istra\u017eiva\u010dkoj stanici Petnica kao rukovodilac matemati\u010dkog seminara od 2010. do 2012. Radio je kao posebni savetnik, a kasnije i kao pomo\u0107nik ministra za razvoj i visoko obrazovanje u Vladi Republike Srbije od 2014. do 2016. godine.<\/p><\/div><ul class=\"ab-social-links\"><\/ul><\/div><\/div>\n\n\n\n<div style=\"height:20px\" aria-hidden=\"true\" class=\"wp-block-spacer\"><\/div>\n\n\n\n<p>Forum DigiLab-a &#8220;Razgovori o digitalnom dru\u0161tvu&#8221; okuplja digitalne preduzetnike, predstavnike civilnog dru\u0161tva, nau\u010dnike, dr\u017eavne \u010dinovnike i poslovne lidere sa ciljem da se kroz konstruktivan razgovor predstave razli\u010dita vi\u0111enja uticaja tehnologija na dru\u0161tvo i globalne budu\u0107nosti. Krajni ishod razgovora jeste dola\u017eenje do predloga i re\u0161enja za ekonomske, dru\u0161tvene i politi\u010dke izazove.<\/p>\n\n\n\n<div style=\"height:20px\" aria-hidden=\"true\" class=\"wp-block-spacer\"><\/div>\n\n\n\n<p>Erazmus+ projekat <a href=\"http:\/\/www.ada.ac.rs\/\" target=\"_blank\" rel=\"noreferrer noopener\" aria-label=\"Napredna analitika podataka u biznisu (opens in a new tab)\">Napredna analitika podataka u biznisu<\/a> (ADA\/ADA Konzorcijum) realizuje se zahvalju\u0107i podr\u0161ci Evropske komisije, u okviru Erazmus+ programa.<\/p>\n\n\n\n<div style=\"height:20px\" aria-hidden=\"true\" class=\"wp-block-spacer\"><\/div>\n\n\n\n<p><a href=\"https:\/\/digilab.instifdt.bg.ac.rs\" target=\"_blank\" rel=\"noreferrer noopener\" aria-label=\"Laboratorija za digitalnu sociometriju (opens in a new tab)\">Laboratorija za digitalnu sociometriju<\/a> (DigiLab) Instituta za filozofiju i dru\u0161tvenu teoriju istra\u017euje dru\u0161tvo kroz velike podatke.<\/p>\n\n\n\n<div style=\"height:50px\" aria-hidden=\"true\" class=\"wp-block-spacer\"><\/div>\n\n\n\n<h2 class=\"has-text-align-center wp-block-heading\">SREDA, 19. MAJ U 12:00, <br>ZOOM PLATFORMA.<\/h2>\n\n\n\n<h2 class=\"has-text-align-center wp-block-heading\">REZERVI\u0160ITE SVOJE MESTO:<\/h2>\n\n\n<p style=\"text-align: center; padding-left: 120px;\"><div class=\"wpforms-container wpforms-container-full wpf-center\" id=\"wpforms-2459\"><form id=\"wpforms-form-2459\" class=\"wpforms-validate wpforms-form\" data-formid=\"2459\" method=\"post\" enctype=\"multipart\/form-data\" action=\"\/index.php?rest_route=%2Fwp%2Fv2%2Fposts%2F2456\" data-token=\"8cbd08551638fec2f4055d4a1935593b\" data-token-time=\"1777609829\"><noscript class=\"wpforms-error-noscript\">Please enable JavaScript in your browser to complete this form.<\/noscript><div class=\"wpforms-field-container\"><div id=\"wpforms-2459-field_0-container\" class=\"wpforms-field wpforms-field-name\" data-field-id=\"0\"><label class=\"wpforms-field-label\" for=\"wpforms-2459-field_0\">Ime i prezime <span class=\"wpforms-required-label\">*<\/span><\/label><input type=\"text\" id=\"wpforms-2459-field_0\" class=\"wpforms-field-large wpforms-field-required\" name=\"wpforms[fields][0]\" required><\/div><div id=\"wpforms-2459-field_3-container\" class=\"wpforms-field wpforms-field-text\" data-field-id=\"3\"><label class=\"wpforms-field-label\" for=\"wpforms-2459-field_3\">Institucija (opciono)<\/label><input type=\"text\" id=\"wpforms-2459-field_3\" class=\"wpforms-field-large\" name=\"wpforms[fields][3]\" ><\/div><div id=\"wpforms-2459-field_1-container\" class=\"wpforms-field wpforms-field-email\" data-field-id=\"1\"><label class=\"wpforms-field-label\" for=\"wpforms-2459-field_1\">Mejl <span class=\"wpforms-required-label\">*<\/span><\/label><input type=\"email\" id=\"wpforms-2459-field_1\" class=\"wpforms-field-large wpforms-field-required\" name=\"wpforms[fields][1]\" spellcheck=\"false\" required><\/div><\/div><!-- .wpforms-field-container --><div class=\"wpforms-field wpforms-field-hp\"><label for=\"wpforms-2459-field-hp\" class=\"wpforms-field-label\">Website<\/label><input type=\"text\" name=\"wpforms[hp]\" id=\"wpforms-2459-field-hp\" class=\"wpforms-field-medium\"><\/div><div class=\"wpforms-submit-container\" ><input type=\"hidden\" name=\"wpforms[id]\" value=\"2459\"><input type=\"hidden\" name=\"page_title\" value=\"\"><input type=\"hidden\" name=\"page_url\" value=\"https:\/\/digilab.instifdt.bg.ac.rs\/index.php?rest_route=\/wp\/v2\/posts\/2456\"><input type=\"hidden\" name=\"url_referer\" value=\"\"><button type=\"submit\" name=\"wpforms[submit]\" id=\"wpforms-submit-2459\" class=\"wpforms-submit\" data-alt-text=\"\u0160alje...\" data-submit-text=\"Po\u0161alji\" aria-live=\"assertive\" value=\"wpforms-submit\">Po\u0161alji<\/button><\/div><\/form><\/div>  <!-- .wpforms-container --><\/p>","protected":false},"excerpt":{"rendered":"<p>Pozivamo vas na predavanje Milovana \u0160uvakova &#8220;Vizuelizacije otvorenih podataka&#8221; koje organizuje Laboratorija za digitalnu sociometriju i ADA Konzorcijum u sredu 19. maja. 2021. u 12:00 preko Zoom platforme . Molimo vas da popunite formular ispod i tako rezervi\u0161ete svoje mesto. Otvoreni podaci predstavljaju dr\u017eavne podatke koji bilo ko mo\u017ee da slobodno koristi i redistribuira za [&hellip;]<\/p>\n","protected":false},"author":3,"featured_media":707,"comment_status":"closed","ping_status":"closed","sticky":false,"template":"","format":"standard","meta":{"footnotes":""},"categories":[2],"tags":[9,3,8,10,7],"class_list":["post-2456","post","type-post","status-publish","format-standard","has-post-thumbnail","hentry","category-events","tag-analytics","tag-big-data","tag-digital-media","tag-panel-discussion","tag-research"],"featured_image_src":"https:\/\/digilab.instifdt.bg.ac.rs\/wp-content\/uploads\/2019\/11\/digi1-600x400.jpg","featured_image_src_square":"https:\/\/digilab.instifdt.bg.ac.rs\/wp-content\/uploads\/2019\/11\/digi1-600x427.jpg","author_info":{"display_name":"Uros Gavrilovic","author_link":"https:\/\/digilab.instifdt.bg.ac.rs\/?author=3"},"_links":{"self":[{"href":"https:\/\/digilab.instifdt.bg.ac.rs\/index.php?rest_route=\/wp\/v2\/posts\/2456","targetHints":{"allow":["GET"]}}],"collection":[{"href":"https:\/\/digilab.instifdt.bg.ac.rs\/index.php?rest_route=\/wp\/v2\/posts"}],"about":[{"href":"https:\/\/digilab.instifdt.bg.ac.rs\/index.php?rest_route=\/wp\/v2\/types\/post"}],"author":[{"embeddable":true,"href":"https:\/\/digilab.instifdt.bg.ac.rs\/index.php?rest_route=\/wp\/v2\/users\/3"}],"replies":[{"embeddable":true,"href":"https:\/\/digilab.instifdt.bg.ac.rs\/index.php?rest_route=%2Fwp%2Fv2%2Fcomments&post=2456"}],"version-history":[{"count":2,"href":"https:\/\/digilab.instifdt.bg.ac.rs\/index.php?rest_route=\/wp\/v2\/posts\/2456\/revisions"}],"predecessor-version":[{"id":2486,"href":"https:\/\/digilab.instifdt.bg.ac.rs\/index.php?rest_route=\/wp\/v2\/posts\/2456\/revisions\/2486"}],"wp:featuredmedia":[{"embeddable":true,"href":"https:\/\/digilab.instifdt.bg.ac.rs\/index.php?rest_route=\/wp\/v2\/media\/707"}],"wp:attachment":[{"href":"https:\/\/digilab.instifdt.bg.ac.rs\/index.php?rest_route=%2Fwp%2Fv2%2Fmedia&parent=2456"}],"wp:term":[{"taxonomy":"category","embeddable":true,"href":"https:\/\/digilab.instifdt.bg.ac.rs\/index.php?rest_route=%2Fwp%2Fv2%2Fcategories&post=2456"},{"taxonomy":"post_tag","embeddable":true,"href":"https:\/\/digilab.instifdt.bg.ac.rs\/index.php?rest_route=%2Fwp%2Fv2%2Ftags&post=2456"}],"curies":[{"name":"wp","href":"https:\/\/api.w.org\/{rel}","templated":true}]}}