{"id":3163,"date":"2022-04-21T09:39:13","date_gmt":"2022-04-21T09:39:13","guid":{"rendered":"http:\/\/digilab.instifdt.bg.ac.rs\/?p=3163"},"modified":"2022-04-21T09:43:55","modified_gmt":"2022-04-21T09:43:55","slug":"digilab-predavanje-kako-se-svet-menja-kroz-podatke-uvid-u-metaverse-i-ostale-nove-tehnologije","status":"publish","type":"post","link":"https:\/\/digilab.instifdt.bg.ac.rs\/?p=3163","title":{"rendered":"DigiLab predavanje: Kako se svet menja kroz podatke? Uvid u Metaverse i ostale nove tehnologije"},"content":{"rendered":"\n<p>Pozivamo vas na predavanje Aleksandra Linca &#8220;Kako se svet menja kroz podatke? Uvid u Metaverse i ostale nove tehnologije&#8221; koje organizuje <a rel=\"noreferrer noopener\" aria-label=\"Laboratorija za digitalnu sociometriju (opens in a new tab)\" href=\"https:\/\/digilab.instifdt.bg.ac.rs\/?p=239\" target=\"_blank\">Laboratorija za digitalno dru\u0161tvo<\/a> u petak 6. maja 2022. u 12:00 preko Zoom platforme . Molimo vas da popunite formular ispod i tako rezervi\u0161ete svoje mesto.<\/p>\n\n\n\n<div style=\"height:30px\" aria-hidden=\"true\" class=\"wp-block-spacer\"><\/div>\n\n\n\n<p>Aleksandar Linc \u0107e govoriti o brzini kojom tehnologija menja svet oko nas, koja je postala toliko fascinantna \u2013 da \u010dak i osobe koje su duboke involvirane u iste ne mogu da isprate do kraja obuhvat istih. Ovo nas dovodi do pitanje \u2013 na koji na\u010din \u0107e osobe koje nisu \u201etehni\u010dki pismenije\u201c mo\u0107i da razumeju koji je sveobuhvatni uticaj tehnologija na \u017eivot i na koji na\u010din mo\u017eemo da doprinesemo da generacije za nama i one koje dolaze ne postanu samo puki posmata\u010di u svetu koji se menja svake sekunde.<br>Upravo iz tog razloga, veoma je bitno da \u0161iri dru\u0161tveni spektar dobije u realnom vremenu informacije vezane za razvoj tehnologija, kako bi iz sopstvenog spektra mogle da doprinesu pravilnoj upotrebi istih.<\/p>\n\n\n\n<div style=\"height:30px\" aria-hidden=\"true\" class=\"wp-block-spacer\"><\/div>\n\n\n\n<p>Metaverse, kao takav, ne predstavlja novi koncept. Jedini razlog za\u0161to ranije nismo pri\u010dali o istom jeste \u010dinjenica da tehnologija nije dovoljna napredovala. Sada, imamo priliku da vidimo i da razmislimo kakav uticaj \u0107e ova i sli\u010dne tehnologije imati na razvoj, kako dru\u0161tva, tako i pojedinaca u razli\u010ditim \u017eivotnim dobima.<\/p>\n\n\n\n<div style=\"height:50px\" aria-hidden=\"true\" class=\"wp-block-spacer\"><\/div>\n\n\n\n<div class=\"wp-block-image\"><figure class=\"aligncenter size-large\"><img loading=\"lazy\" decoding=\"async\" width=\"627\" height=\"417\" src=\"https:\/\/digilab.instifdt.bg.ac.rs\/wp-content\/uploads\/2022\/04\/Linc-izdaleka-smanjeno.jpg\" alt=\"\" class=\"wp-image-3165\" srcset=\"https:\/\/digilab.instifdt.bg.ac.rs\/wp-content\/uploads\/2022\/04\/Linc-izdaleka-smanjeno.jpg 627w, https:\/\/digilab.instifdt.bg.ac.rs\/wp-content\/uploads\/2022\/04\/Linc-izdaleka-smanjeno-300x200.jpg 300w, https:\/\/digilab.instifdt.bg.ac.rs\/wp-content\/uploads\/2022\/04\/Linc-izdaleka-smanjeno-600x400.jpg 600w\" sizes=\"auto, (max-width: 627px) 100vw, 627px\" \/><\/figure><\/div>\n\n\n\n<p>U sklopu ovog predavanja, Aleksandar \u0107e nam predstaviti osnovne koncepte, demistifikovati realne probleme i \u010deste zablude vezane za tehnologiju, i zajedno \u0107emo otvoriti dosta pitanja vezanih za dalju upotrebu tehnologija i na koji na\u010din svako od nas mo\u017ee da doprinese ultimativnom cilju \u2013 a to je da tehnologija bude kori\u0161\u0107ena za dobrobit dru\u0161tva koje stvara jednakije prilike za pojedince.<\/p>\n\n\n\n<p><\/p>\n\n\n\n<div style=\"height:50px\" aria-hidden=\"true\" class=\"wp-block-spacer\"><\/div>\n\n\n\n<h2 class=\"wp-block-heading\">PREDAVA\u010c<\/h2>\n\n\n\n<div style=\"background-color:#FFFFFF;color:#000000\" class=\"wp-block-atomic-blocks-ab-profile-box square ab-has-avatar ab-font-size-18 ab-block-profile ab-profile-columns\"><div class=\"ab-profile-column ab-profile-avatar-wrap\"><div class=\"ab-profile-image-wrap\"><figure class=\"ab-profile-image-square\"><img loading=\"lazy\" decoding=\"async\" width=\"399\" height=\"399\" class=\"ab-profile-avatar wp-image-3164\" src=\"https:\/\/digilab.instifdt.bg.ac.rs\/wp-content\/uploads\/2022\/04\/Linc-izbliza-smanjeno-e1650533915131.jpg\" alt=\"\" srcset=\"https:\/\/digilab.instifdt.bg.ac.rs\/wp-content\/uploads\/2022\/04\/Linc-izbliza-smanjeno-e1650533915131.jpg 399w, https:\/\/digilab.instifdt.bg.ac.rs\/wp-content\/uploads\/2022\/04\/Linc-izbliza-smanjeno-e1650533915131-300x300.jpg 300w, https:\/\/digilab.instifdt.bg.ac.rs\/wp-content\/uploads\/2022\/04\/Linc-izbliza-smanjeno-e1650533915131-150x150.jpg 150w\" sizes=\"auto, (max-width: 399px) 100vw, 399px\" \/><\/figure><\/div><\/div><div class=\"ab-profile-column ab-profile-content-wrap\"><h2 class=\"ab-profile-name\" style=\"color:#000000\"> <a href=\"https:\/\/www.linkedin.com\/in\/aleksandar-linc-djordjevic\" target=\"_blank\" rel=\"noreferrer noopener\">Aleksandar Linc<\/a><\/h2><p class=\"ab-profile-title\" style=\"color:#000000\"><\/p><div class=\"ab-profile-text\"><p>Aleksandar je preduzmiljiv \u201cdata scientist\u201d, koji ima vi\u0161egodi\u0161nje iskustvo u upravlja\u010dkim stukturama profitnih i neprofitnih organizacija aktivnih u industriji organizovanja doga\u0111aja. On je jedan od vode\u0107ih lidera u globalnom AI ekosistemu, osniva\u010d i \u201cspiritus movens\u201d fran\u0161ize konferencija <a rel=\"noreferrer noopener\" href=\"https:\/\/datasciconference.com\/\" target=\"_blank\">Data Science Conference<\/a> \u2013 koja je najve\u0107a nezavisna tehni\u010dka fran\u0161iza posve\u0107ana ve\u0161ta\u010dkoj inteligenciji i podacima. U svom prethodnom radu, Aleksandar je bio uklju\u010den i zna\u010dajno je doprineo razvoju Nacionalne strategije za mlade 2015-2025, kao i strategije za razvoj ve\u0161ta\u010dke inteligencije (2020-2025) u Srbiji. On poseduje visoko znanje ste\u010deno kroz godine rada u industriji vezano za programiranje, \u201cbig data\u201d tehnologija, tehnika pregovaranja, kretivnih industrija i razvoja neformalnih ve\u0161tina kroz treninge. Slobodno vreme koristi za pisanje pesama i pra\u0107enje ko\u0161arke.<\/p><\/div><ul class=\"ab-social-links\"><\/ul><\/div><\/div>\n\n\n\n<div style=\"height:20px\" aria-hidden=\"true\" class=\"wp-block-spacer\"><\/div>\n\n\n\n<p>Forum DigiLab-a &#8220;Razgovori o digitalnom dru\u0161tvu&#8221; okuplja digitalne preduzetnike, predstavnike civilnog dru\u0161tva, nau\u010dnike, dr\u017eavne \u010dinovnike i poslovne lidere sa ciljem da se kroz konstruktivan razgovor predstave razli\u010dita vi\u0111enja uticaja tehnologija na dru\u0161tvo i globalne budu\u0107nosti. Krajni ishod razgovora jeste dola\u017eenje do predloga i re\u0161enja za ekonomske, dru\u0161tvene i politi\u010dke izazove.<\/p>\n\n\n\n<div style=\"height:20px\" aria-hidden=\"true\" class=\"wp-block-spacer\"><\/div>\n\n\n\n<p><a href=\"https:\/\/ifdt.bg.ac.rs\/index.php\/digilab\/?lang=en\" target=\"_blank\" rel=\"noreferrer noopener\">Laboratorija za digitalno dru\u0161tvo<\/a> (DigiLab) Instituta za filozofiju i dru\u0161tvenu teoriju istra\u017euje dru\u0161tvo kroz velike podatke.<\/p>\n\n\n\n<div style=\"height:50px\" aria-hidden=\"true\" class=\"wp-block-spacer\"><\/div>\n\n\n\n<h2 class=\"has-text-align-center wp-block-heading\">Petak, 6. maj u 12:00, <br>Zoom platforma. Rezervi\u0161ite svoje mesto i dobi\u0107ete link 5 minuta pre po\u010detka doga\u0111aja:<\/h2>\n\n\n<p style=\"text-align: center; padding-left: 120px;\"><div class=\"wpforms-container wpforms-container-full wpf-center\" id=\"wpforms-2459\"><form id=\"wpforms-form-2459\" class=\"wpforms-validate wpforms-form\" data-formid=\"2459\" method=\"post\" enctype=\"multipart\/form-data\" action=\"\/index.php?rest_route=%2Fwp%2Fv2%2Fposts%2F3163\" data-token=\"8cbd08551638fec2f4055d4a1935593b\" data-token-time=\"1777627751\"><noscript class=\"wpforms-error-noscript\">Please enable JavaScript in your browser to complete this form.<\/noscript><div class=\"wpforms-field-container\"><div id=\"wpforms-2459-field_0-container\" class=\"wpforms-field wpforms-field-name\" data-field-id=\"0\"><label class=\"wpforms-field-label\" for=\"wpforms-2459-field_0\">Ime i prezime <span class=\"wpforms-required-label\">*<\/span><\/label><input type=\"text\" id=\"wpforms-2459-field_0\" class=\"wpforms-field-large wpforms-field-required\" name=\"wpforms[fields][0]\" required><\/div><div id=\"wpforms-2459-field_3-container\" class=\"wpforms-field wpforms-field-text\" data-field-id=\"3\"><label class=\"wpforms-field-label\" for=\"wpforms-2459-field_3\">Institucija (opciono)<\/label><input type=\"text\" id=\"wpforms-2459-field_3\" class=\"wpforms-field-large\" name=\"wpforms[fields][3]\" ><\/div><div id=\"wpforms-2459-field_1-container\" class=\"wpforms-field wpforms-field-email\" data-field-id=\"1\"><label class=\"wpforms-field-label\" for=\"wpforms-2459-field_1\">Mejl <span class=\"wpforms-required-label\">*<\/span><\/label><input type=\"email\" id=\"wpforms-2459-field_1\" class=\"wpforms-field-large wpforms-field-required\" name=\"wpforms[fields][1]\" spellcheck=\"false\" required><\/div><\/div><!-- .wpforms-field-container --><div class=\"wpforms-field wpforms-field-hp\"><label for=\"wpforms-2459-field-hp\" class=\"wpforms-field-label\">Email<\/label><input type=\"text\" name=\"wpforms[hp]\" id=\"wpforms-2459-field-hp\" class=\"wpforms-field-medium\"><\/div><div class=\"wpforms-submit-container\" ><input type=\"hidden\" name=\"wpforms[id]\" value=\"2459\"><input type=\"hidden\" name=\"page_title\" value=\"\"><input type=\"hidden\" name=\"page_url\" value=\"https:\/\/digilab.instifdt.bg.ac.rs\/index.php?rest_route=\/wp\/v2\/posts\/3163\"><input type=\"hidden\" name=\"url_referer\" value=\"\"><button type=\"submit\" name=\"wpforms[submit]\" id=\"wpforms-submit-2459\" class=\"wpforms-submit\" data-alt-text=\"\u0160alje...\" data-submit-text=\"Po\u0161alji\" aria-live=\"assertive\" value=\"wpforms-submit\">Po\u0161alji<\/button><\/div><\/form><\/div>  <!-- .wpforms-container --><\/p>","protected":false},"excerpt":{"rendered":"<p>Pozivamo vas na predavanje Aleksandra Linca &#8220;Kako se svet menja kroz podatke? Uvid u Metaverse i ostale nove tehnologije&#8221; koje organizuje Laboratorija za digitalno dru\u0161tvo u petak 6. maja 2022. u 12:00 preko Zoom platforme . Molimo vas da popunite formular ispod i tako rezervi\u0161ete svoje mesto. Aleksandar Linc \u0107e govoriti o brzini kojom tehnologija [&hellip;]<\/p>\n","protected":false},"author":3,"featured_media":707,"comment_status":"closed","ping_status":"closed","sticky":false,"template":"","format":"standard","meta":{"footnotes":""},"categories":[2],"tags":[9,3,8,10,7],"class_list":["post-3163","post","type-post","status-publish","format-standard","has-post-thumbnail","hentry","category-events","tag-analytics","tag-big-data","tag-digital-media","tag-panel-discussion","tag-research"],"featured_image_src":"https:\/\/digilab.instifdt.bg.ac.rs\/wp-content\/uploads\/2019\/11\/digi1-600x400.jpg","featured_image_src_square":"https:\/\/digilab.instifdt.bg.ac.rs\/wp-content\/uploads\/2019\/11\/digi1-600x427.jpg","author_info":{"display_name":"Uros Gavrilovic","author_link":"https:\/\/digilab.instifdt.bg.ac.rs\/?author=3"},"_links":{"self":[{"href":"https:\/\/digilab.instifdt.bg.ac.rs\/index.php?rest_route=\/wp\/v2\/posts\/3163","targetHints":{"allow":["GET"]}}],"collection":[{"href":"https:\/\/digilab.instifdt.bg.ac.rs\/index.php?rest_route=\/wp\/v2\/posts"}],"about":[{"href":"https:\/\/digilab.instifdt.bg.ac.rs\/index.php?rest_route=\/wp\/v2\/types\/post"}],"author":[{"embeddable":true,"href":"https:\/\/digilab.instifdt.bg.ac.rs\/index.php?rest_route=\/wp\/v2\/users\/3"}],"replies":[{"embeddable":true,"href":"https:\/\/digilab.instifdt.bg.ac.rs\/index.php?rest_route=%2Fwp%2Fv2%2Fcomments&post=3163"}],"version-history":[{"count":9,"href":"https:\/\/digilab.instifdt.bg.ac.rs\/index.php?rest_route=\/wp\/v2\/posts\/3163\/revisions"}],"predecessor-version":[{"id":3175,"href":"https:\/\/digilab.instifdt.bg.ac.rs\/index.php?rest_route=\/wp\/v2\/posts\/3163\/revisions\/3175"}],"wp:featuredmedia":[{"embeddable":true,"href":"https:\/\/digilab.instifdt.bg.ac.rs\/index.php?rest_route=\/wp\/v2\/media\/707"}],"wp:attachment":[{"href":"https:\/\/digilab.instifdt.bg.ac.rs\/index.php?rest_route=%2Fwp%2Fv2%2Fmedia&parent=3163"}],"wp:term":[{"taxonomy":"category","embeddable":true,"href":"https:\/\/digilab.instifdt.bg.ac.rs\/index.php?rest_route=%2Fwp%2Fv2%2Fcategories&post=3163"},{"taxonomy":"post_tag","embeddable":true,"href":"https:\/\/digilab.instifdt.bg.ac.rs\/index.php?rest_route=%2Fwp%2Fv2%2Ftags&post=3163"}],"curies":[{"name":"wp","href":"https:\/\/api.w.org\/{rel}","templated":true}]}}