{"id":3204,"date":"2022-05-07T13:07:39","date_gmt":"2022-05-07T13:07:39","guid":{"rendered":"http:\/\/digilab.instifdt.bg.ac.rs\/?p=3204"},"modified":"2022-06-15T09:57:51","modified_gmt":"2022-06-15T09:57:51","slug":"digilab-radionica-najnoviji-trendovi-u-health-techu-i-njihov-uticaj-na-drustvo","status":"publish","type":"post","link":"https:\/\/digilab.instifdt.bg.ac.rs\/?p=3204","title":{"rendered":"DigiLab radionica: Najnoviji trendovi u Health Techu i njihov uticaj na dru\u0161tvo"},"content":{"rendered":"\n<p>Pozivamo vas na radionicu <em>Najnoviji trendovi u Health Techu i njihov uticaj na dru\u0161tvo<\/em> koju organizuje <a rel=\"noreferrer noopener\" href=\"https:\/\/ifdt.bg.ac.rs\/index.php\/digilab\/\" target=\"_blank\">Laboratorija za digitalno dru\u0161tvo<\/a> u petak 17. juna 2022. u 12:00 onlajn putem Zoom platforme. Molimo vas da popunite formular ispod i tako rezervi\u0161ete svoje mesto.<\/p>\n\n\n\n<div style=\"height:30px\" aria-hidden=\"true\" class=\"wp-block-spacer\"><\/div>\n\n\n\n<p>Laboratorija zdravstvenih tehnologija je jedinstvena laboratorija koja omogu\u0107ava razvoj zdravstvenih tehnologija u zemljama u razvoju kao \u0161to je Srbija. Ona okuplja sve karike zdravstveno-tehnolo\u0161kog ekosistema kako bi obezbedila stabilno okru\u017eenje za stvaranje, razvoj i dugoro\u010dan rast inovativnih, zdravstvenih tehnologija u Srbiji. Ovaj model progla\u0161en je najboljom praksom ekosistema za 2020. godinu od strane Me\u0111unarodne unije za telekomunikacije (ITU) &#8211; specijalizovane agencije Ujedinjenih nacija za sva pitanja vezana za informacione i komunikacione tehnologije. Nagra\u0111eni model premo\u0161\u0107uje jaz u zdravstvenim inovacijama izme\u0111u razvijenih zemalja i zemalja u razvoju.<\/p>\n\n\n\n<div style=\"height:30px\" aria-hidden=\"true\" class=\"wp-block-spacer\"><\/div>\n\n\n\n<p>Tokom na\u0161e radionice otkri\u0107emo \u0161ta je inovacija, sa posebnim akcentom na inovacije u zdravstvu i kako do njih do\u0107i. Da li su izumi\/noviteti kao takvi dovoljni i kako ih doneti od na\u0161ih laboratorija \u0161to pre do onih kojima su one najpotrebnije \u2013 do pacijenata?<\/p>\n\n\n\n<div style=\"height:30px\" aria-hidden=\"true\" class=\"wp-block-spacer\"><\/div>\n\n\n\n<p>Gosti \u0107e vam predstaviti svoja iskustva i upoznati vas sa ovom zanimljivim svetom kroz brojne primere.<\/p>\n\n\n\n<div style=\"height:50px\" aria-hidden=\"true\" class=\"wp-block-spacer\"><\/div>\n\n\n\n<div class=\"wp-block-image\"><figure class=\"aligncenter size-large\"><img loading=\"lazy\" decoding=\"async\" width=\"598\" height=\"437\" src=\"https:\/\/digilab.instifdt.bg.ac.rs\/wp-content\/uploads\/2022\/05\/HealthTech1.jpg\" alt=\"\" class=\"wp-image-3205\" srcset=\"https:\/\/digilab.instifdt.bg.ac.rs\/wp-content\/uploads\/2022\/05\/HealthTech1.jpg 598w, https:\/\/digilab.instifdt.bg.ac.rs\/wp-content\/uploads\/2022\/05\/HealthTech1-300x219.jpg 300w\" sizes=\"auto, (max-width: 598px) 100vw, 598px\" \/><\/figure><\/div>\n\n\n\n<p><\/p>\n\n\n\n<div style=\"height:50px\" aria-hidden=\"true\" class=\"wp-block-spacer\"><\/div>\n\n\n\n<h2 class=\"wp-block-heading\">PREDAVA\u010cI<\/h2>\n\n\n\n<div style=\"background-color:#FFFFFF;color:#000000\" class=\"wp-block-atomic-blocks-ab-profile-box square ab-has-avatar ab-font-size-18 ab-block-profile ab-profile-columns\"><div class=\"ab-profile-column ab-profile-avatar-wrap\"><div class=\"ab-profile-image-wrap\"><figure class=\"ab-profile-image-square\"><img loading=\"lazy\" decoding=\"async\" width=\"600\" height=\"600\" class=\"ab-profile-avatar wp-image-3207\" src=\"https:\/\/digilab.instifdt.bg.ac.rs\/wp-content\/uploads\/2022\/05\/Damjan-600x600-1.jpg\" alt=\"\" srcset=\"https:\/\/digilab.instifdt.bg.ac.rs\/wp-content\/uploads\/2022\/05\/Damjan-600x600-1.jpg 600w, https:\/\/digilab.instifdt.bg.ac.rs\/wp-content\/uploads\/2022\/05\/Damjan-600x600-1-300x300.jpg 300w, https:\/\/digilab.instifdt.bg.ac.rs\/wp-content\/uploads\/2022\/05\/Damjan-600x600-1-150x150.jpg 150w\" sizes=\"auto, (max-width: 600px) 100vw, 600px\" \/><\/figure><\/div><\/div><div class=\"ab-profile-column ab-profile-content-wrap\"><h2 class=\"ab-profile-name\" style=\"color:#000000\"> <a href=\"https:\/\/htl.rs\/about-us\/\" target=\"_blank\" rel=\"noreferrer noopener\">Damjan Damjanovi\u0107<\/a><\/h2><p class=\"ab-profile-title\" style=\"color:#000000\">Moderator<\/p><div class=\"ab-profile-text\"><p>Damjan Damnjanovi\u0107 ro\u0111en je 1977. godine u Beogradu. Diplomirao na Fakultetu dramskih umetnosti na odseku za filmsku i TV produkciju. Magistrirao Cum laude na multidisciplinarnim master studijama na Ekonomskom fakultetu Univerziteta \u201eLa Sapienza\u201d \u201eUpravljanje dr\u017eavom i humanitarna pitanja\u201d kao stipendista Vlade Italije i Evropskog parlamenta. Dinin otac, producent, magistar direktnog marketinga, digitalni nomad, borac za prava pacijenata, osniva\u010d Plavog kruga &#8211; najve\u0107eg evropskog udru\u017eenja pacijenata sa dijabetesom, biv\u0161i predsednik i po\u010dasni \u010dlan udru\u017eenja pacijenata Srbije, suosniva\u010d Laboratorije zdravstvenih tehnologija i \u010dovek koji poku\u0161ava da digitalizuje dijabetes.<\/p><\/div><ul class=\"ab-social-links\"><\/ul><\/div><\/div>\n\n\n\n<div style=\"background-color:#FFFFFF;color:#000000\" class=\"wp-block-atomic-blocks-ab-profile-box square ab-has-avatar ab-font-size-18 ab-block-profile ab-profile-columns\"><div class=\"ab-profile-column ab-profile-avatar-wrap\"><div class=\"ab-profile-image-wrap\"><figure class=\"ab-profile-image-square\"><img loading=\"lazy\" decoding=\"async\" width=\"504\" height=\"504\" class=\"ab-profile-avatar wp-image-3208\" src=\"https:\/\/digilab.instifdt.bg.ac.rs\/wp-content\/uploads\/2022\/05\/Ivana-Kostic-Health-Tech-Lab.jpg\" alt=\"\" srcset=\"https:\/\/digilab.instifdt.bg.ac.rs\/wp-content\/uploads\/2022\/05\/Ivana-Kostic-Health-Tech-Lab.jpg 504w, https:\/\/digilab.instifdt.bg.ac.rs\/wp-content\/uploads\/2022\/05\/Ivana-Kostic-Health-Tech-Lab-300x300.jpg 300w, https:\/\/digilab.instifdt.bg.ac.rs\/wp-content\/uploads\/2022\/05\/Ivana-Kostic-Health-Tech-Lab-150x150.jpg 150w\" sizes=\"auto, (max-width: 504px) 100vw, 504px\" \/><\/figure><\/div><\/div><div class=\"ab-profile-column ab-profile-content-wrap\"><h2 class=\"ab-profile-name\" style=\"color:#000000\"> <a href=\"https:\/\/htl.rs\/about-us\/\" target=\"_blank\" rel=\"noreferrer noopener\">Ivana Kosti\u0107<\/a><\/h2><p class=\"ab-profile-title\" style=\"color:#000000\"><\/p><div class=\"ab-profile-text\"><p>Dr Ivana \u041aosti\u0107 je doktorirala bioin\u017eenjersk sisteme na programu MIT Portugal. Zajedni\u010dki napori bili su usmereni na razvoj efikasnih i minimalno invazivnih terapija za organe u hipoksiji. Njano po\u010detno interesovanje za ovu oblast pokrenuto je tokom studija fiziologije na Univerzitetu u Beogradu i dodatna, bogata prakti\u010dna znanja ste\u010dena kroz IAESTE \u2013 Me\u0111unarodnu asocijaciju studenata za prakti\u010dna iskustva, tokom prakse u Brazilu tokom 2008. godine. , kao i tokom prve BSRT letnje \u0161kole u Berlinu 2009. Ova iskustva su doprinela njenom znanju u oblasti transfera tehnologija, preduzetni\u0161tva i inovacija u medicini i farmaciji. U 2019. godini progla\u0161ena je nacionalnim \u017eenskim uzorom za 2019. godinu, prema Central European Startup Awards.<\/p><\/div><ul class=\"ab-social-links\"><\/ul><\/div><\/div>\n\n\n\n<div style=\"background-color:#FFFFFF;color:#000000\" class=\"wp-block-atomic-blocks-ab-profile-box square ab-has-avatar ab-font-size-18 ab-block-profile ab-profile-columns\"><div class=\"ab-profile-column ab-profile-avatar-wrap\"><div class=\"ab-profile-image-wrap\"><figure class=\"ab-profile-image-square\"><img loading=\"lazy\" decoding=\"async\" width=\"383\" height=\"383\" class=\"ab-profile-avatar wp-image-3206\" src=\"https:\/\/digilab.instifdt.bg.ac.rs\/wp-content\/uploads\/2022\/05\/Natasa-Golic1.jpg\" alt=\"\" srcset=\"https:\/\/digilab.instifdt.bg.ac.rs\/wp-content\/uploads\/2022\/05\/Natasa-Golic1.jpg 383w, https:\/\/digilab.instifdt.bg.ac.rs\/wp-content\/uploads\/2022\/05\/Natasa-Golic1-300x300.jpg 300w, https:\/\/digilab.instifdt.bg.ac.rs\/wp-content\/uploads\/2022\/05\/Natasa-Golic1-150x150.jpg 150w\" sizes=\"auto, (max-width: 383px) 100vw, 383px\" \/><\/figure><\/div><\/div><div class=\"ab-profile-column ab-profile-content-wrap\"><h2 class=\"ab-profile-name\" style=\"color:#000000\"> <a href=\"https:\/\/imgge.bg.ac.rs\/en\/natasa-golic-en\" target=\"_blank\" rel=\"noreferrer noopener\">Nata\u0161a Goli\u0107<\/a><\/h2><p class=\"ab-profile-title\" style=\"color:#000000\"><\/p><div class=\"ab-profile-text\"><p>Dr Nata\u0161a Goli\u0107 je doktor biolo\u0161kih nauka, nau\u010dni savetnik Instituta za molekularnu genetiku i geneti\u010dko in\u017eenjerstvo (IMGGI), Univerziteta u Beogradu. Rukovodilac je Grupe za interakcije probiotika i mikrobiote sa doma\u0107inom u okviru Laboratorije za molekularnu mikrobiologiju. Glavni istra\u017eiva\u010dki interes je izu\u010davanje povezanosti crevne mikrobiote sa razli\u010ditim autoimunskim bolestima, kao i molekularnih mehanizama u osnovi probioti\u010dke aktivnosti bakterija i njihove mogu\u0107e primene u prevenciji i terapiji razli\u010ditih bolesti (dijabetes tipa 1 i 2, multipla skleroza, autizam, inflamatorni bol). Mentor je ve\u0107eg broja magistarskih i doktorskih teza i autor 67 nau\u010dnih radova objavljenih u recenziranim me\u0111unarodnim \u010dasopisima. Autor je jednog nacionalnog i me\u0111unarodnog patenta (PCT).<\/p><p>Pored istra\u017eivanja i inovacija, aktivna je u transferu tehnologije kao Rukovodilac Sektora za transfer tehnologija u IMGGI od 2016. godine. Mentor je i motivacioni trener kako bi podstakla istra\u017eiva\u010de da svoja znanja i inovacije komercijalizuju i pokrenu sopstveni biznis.<\/p><p>Izvr\u0161ni je direktor i suosniva\u010d startap kompanije Invetlab, osnovane sa ciljem razvoja i komercijalizacije inovacija u biotehnologiji. Jedan je od inovatora probiotika za prevenciju i le\u010denje crevnih infekcija kod \u017eivotinja, koji se uspe\u0161no koristi kao alternativa antibioticima. Inovacija je nagra\u0111ena od strane Privredne komore Beograda 2015. godine i Grada Beograda 2019. godine. Inovativni probiotik Hiravet je dostupan na srpskom tr\u017ei\u0161tu od marta 2018. godine.<\/p><p>Tako\u0111e, suosniva\u010d je startap kompanije DIASOLUTION, spin-out Instituta za molekularnu genetiku i geneti\u010dko in\u017eenjerstvo, osnovane sa ciljem komercijalizacije inovativnog probiotika za prevenciju i tretman dijabetesa.<\/p><\/div><ul class=\"ab-social-links\"><\/ul><\/div><\/div>\n\n\n\n<div style=\"height:20px\" aria-hidden=\"true\" class=\"wp-block-spacer\"><\/div>\n\n\n\n<p>Forum DigiLab-a &#8220;Razgovori o digitalnom dru\u0161tvu&#8221; okuplja digitalne preduzetnike, predstavnike civilnog dru\u0161tva, nau\u010dnike, dr\u017eavne \u010dinovnike i poslovne lidere sa ciljem da se kroz konstruktivan razgovor predstave razli\u010dita vi\u0111enja uticaja tehnologija na dru\u0161tvo i globalne budu\u0107nosti. Krajni ishod razgovora jeste dola\u017eenje do predloga i re\u0161enja za ekonomske, dru\u0161tvene i politi\u010dke izazove.<\/p>\n\n\n\n<div style=\"height:20px\" aria-hidden=\"true\" class=\"wp-block-spacer\"><\/div>\n\n\n\n<p><a rel=\"noreferrer noopener\" href=\"https:\/\/ifdt.bg.ac.rs\/index.php\/digilab\/?lang=en\" target=\"_blank\">Laboratorija za digitalno dru\u0161tvo<\/a> (DigiLab) Instituta za filozofiju i dru\u0161tvenu teoriju istra\u017euje uticaj novih tehnologija na dru\u0161tvo, kroz velike podatke, kao i iz perspektiva politi\u010dkih nauka, filozofije, umetnosti i meltidisciplinarnih istra\u017eivanja. DigiLab je jedinstveno mesto okupljanja IT zajednice sa istra\u017eiva\u010dima iz dru\u0161tvenih, humanisti\u010dkih i tehni\u010dkih nauka kao i donosiocima odluka iz korporativnog i javnog \u017eivota u Jugoisto\u010dnoj Evropi.<\/p>\n\n\n\n<div style=\"height:50px\" aria-hidden=\"true\" class=\"wp-block-spacer\"><\/div>\n\n\n\n<h2 class=\"has-text-align-center wp-block-heading\">Petak, 17. jun u 12:00, <br>onlajn putem Zoom platforme. Rezervi\u0161ite svoje mesto:<\/h2>\n\n\n<p style=\"text-align: center; padding-left: 120px;\"><div class=\"wpforms-container wpforms-container-full wpf-center\" id=\"wpforms-2459\"><form id=\"wpforms-form-2459\" class=\"wpforms-validate wpforms-form\" data-formid=\"2459\" method=\"post\" enctype=\"multipart\/form-data\" action=\"\/index.php?rest_route=%2Fwp%2Fv2%2Fposts%2F3204\" data-token=\"7cf764a15685202e4c6b39f0458243e0\" data-token-time=\"1777591440\"><noscript class=\"wpforms-error-noscript\">Please enable JavaScript in your browser to complete this form.<\/noscript><div class=\"wpforms-field-container\"><div id=\"wpforms-2459-field_0-container\" class=\"wpforms-field wpforms-field-name\" data-field-id=\"0\"><label class=\"wpforms-field-label\" for=\"wpforms-2459-field_0\">Ime i prezime <span class=\"wpforms-required-label\">*<\/span><\/label><input type=\"text\" id=\"wpforms-2459-field_0\" class=\"wpforms-field-large wpforms-field-required\" name=\"wpforms[fields][0]\" required><\/div><div id=\"wpforms-2459-field_3-container\" class=\"wpforms-field wpforms-field-text\" data-field-id=\"3\"><label class=\"wpforms-field-label\" for=\"wpforms-2459-field_3\">Institucija (opciono)<\/label><input type=\"text\" id=\"wpforms-2459-field_3\" class=\"wpforms-field-large\" name=\"wpforms[fields][3]\" ><\/div><div id=\"wpforms-2459-field_1-container\" class=\"wpforms-field wpforms-field-email\" data-field-id=\"1\"><label class=\"wpforms-field-label\" for=\"wpforms-2459-field_1\">Mejl <span class=\"wpforms-required-label\">*<\/span><\/label><input type=\"email\" id=\"wpforms-2459-field_1\" class=\"wpforms-field-large wpforms-field-required\" name=\"wpforms[fields][1]\" spellcheck=\"false\" required><\/div><\/div><!-- .wpforms-field-container --><div class=\"wpforms-field wpforms-field-hp\"><label for=\"wpforms-2459-field-hp\" class=\"wpforms-field-label\">Name<\/label><input type=\"text\" name=\"wpforms[hp]\" id=\"wpforms-2459-field-hp\" class=\"wpforms-field-medium\"><\/div><div class=\"wpforms-submit-container\" ><input type=\"hidden\" name=\"wpforms[id]\" value=\"2459\"><input type=\"hidden\" name=\"page_title\" value=\"\"><input type=\"hidden\" name=\"page_url\" value=\"https:\/\/digilab.instifdt.bg.ac.rs\/index.php?rest_route=\/wp\/v2\/posts\/3204\"><input type=\"hidden\" name=\"url_referer\" value=\"\"><button type=\"submit\" name=\"wpforms[submit]\" id=\"wpforms-submit-2459\" class=\"wpforms-submit\" data-alt-text=\"\u0160alje...\" data-submit-text=\"Po\u0161alji\" aria-live=\"assertive\" value=\"wpforms-submit\">Po\u0161alji<\/button><\/div><\/form><\/div>  <!-- .wpforms-container --><\/p>","protected":false},"excerpt":{"rendered":"<p>Pozivamo vas na radionicu Najnoviji trendovi u Health Techu i njihov uticaj na dru\u0161tvo koju organizuje Laboratorija za digitalno dru\u0161tvo u petak 17. juna 2022. u 12:00 onlajn putem Zoom platforme. Molimo vas da popunite formular ispod i tako rezervi\u0161ete svoje mesto. Laboratorija zdravstvenih tehnologija je jedinstvena laboratorija koja omogu\u0107ava razvoj zdravstvenih tehnologija u zemljama [&hellip;]<\/p>\n","protected":false},"author":3,"featured_media":707,"comment_status":"closed","ping_status":"closed","sticky":false,"template":"","format":"standard","meta":{"footnotes":""},"categories":[2],"tags":[9,3,8,10,7],"class_list":["post-3204","post","type-post","status-publish","format-standard","has-post-thumbnail","hentry","category-events","tag-analytics","tag-big-data","tag-digital-media","tag-panel-discussion","tag-research"],"featured_image_src":"https:\/\/digilab.instifdt.bg.ac.rs\/wp-content\/uploads\/2019\/11\/digi1-600x400.jpg","featured_image_src_square":"https:\/\/digilab.instifdt.bg.ac.rs\/wp-content\/uploads\/2019\/11\/digi1-600x427.jpg","author_info":{"display_name":"Uros Gavrilovic","author_link":"https:\/\/digilab.instifdt.bg.ac.rs\/?author=3"},"_links":{"self":[{"href":"https:\/\/digilab.instifdt.bg.ac.rs\/index.php?rest_route=\/wp\/v2\/posts\/3204","targetHints":{"allow":["GET"]}}],"collection":[{"href":"https:\/\/digilab.instifdt.bg.ac.rs\/index.php?rest_route=\/wp\/v2\/posts"}],"about":[{"href":"https:\/\/digilab.instifdt.bg.ac.rs\/index.php?rest_route=\/wp\/v2\/types\/post"}],"author":[{"embeddable":true,"href":"https:\/\/digilab.instifdt.bg.ac.rs\/index.php?rest_route=\/wp\/v2\/users\/3"}],"replies":[{"embeddable":true,"href":"https:\/\/digilab.instifdt.bg.ac.rs\/index.php?rest_route=%2Fwp%2Fv2%2Fcomments&post=3204"}],"version-history":[{"count":5,"href":"https:\/\/digilab.instifdt.bg.ac.rs\/index.php?rest_route=\/wp\/v2\/posts\/3204\/revisions"}],"predecessor-version":[{"id":3257,"href":"https:\/\/digilab.instifdt.bg.ac.rs\/index.php?rest_route=\/wp\/v2\/posts\/3204\/revisions\/3257"}],"wp:featuredmedia":[{"embeddable":true,"href":"https:\/\/digilab.instifdt.bg.ac.rs\/index.php?rest_route=\/wp\/v2\/media\/707"}],"wp:attachment":[{"href":"https:\/\/digilab.instifdt.bg.ac.rs\/index.php?rest_route=%2Fwp%2Fv2%2Fmedia&parent=3204"}],"wp:term":[{"taxonomy":"category","embeddable":true,"href":"https:\/\/digilab.instifdt.bg.ac.rs\/index.php?rest_route=%2Fwp%2Fv2%2Fcategories&post=3204"},{"taxonomy":"post_tag","embeddable":true,"href":"https:\/\/digilab.instifdt.bg.ac.rs\/index.php?rest_route=%2Fwp%2Fv2%2Ftags&post=3204"}],"curies":[{"name":"wp","href":"https:\/\/api.w.org\/{rel}","templated":true}]}}